{"id":2494,"date":"2019-03-14T10:34:42","date_gmt":"2019-03-14T09:34:42","guid":{"rendered":"http:\/\/inrameknes.info\/?p=2494"},"modified":"2019-03-14T11:12:49","modified_gmt":"2019-03-14T10:12:49","slug":"ouvrage-la-politique-economique-du-secteur-des-cereales-au-maroc","status":"publish","type":"post","link":"http:\/\/inrameknes.info\/?p=2494","title":{"rendered":"Ouvrage : Economie politique du secteur du bl\u00e9 au Maroc"},"content":{"rendered":"<p><a href=\"http:\/\/inrameknes.info\/wp-content\/uploads\/2019\/03\/Couverture.jpg\"><img loading=\"lazy\" decoding=\"async\" class=\"alignleft size-medium wp-image-2495\" src=\"http:\/\/inrameknes.info\/wp-content\/uploads\/2019\/03\/Couverture-200x300.jpg\" alt=\"\" width=\"200\" height=\"300\" srcset=\"http:\/\/inrameknes.info\/wp-content\/uploads\/2019\/03\/Couverture-200x300.jpg 200w, http:\/\/inrameknes.info\/wp-content\/uploads\/2019\/03\/Couverture.jpg 482w\" sizes=\"auto, (max-width: 200px) 100vw, 200px\" \/><\/a><\/p>\n<p>Dr Abderrahim Benta\u00efbi, chercheur en sociologie du d\u00e9veloppement et Chef du CRRA Mekn\u00e8s a contribu\u00e9 \u00e0 l&rsquo;ouvrage collectif \u00e9dit\u00e9 par l&rsquo;INRA et l&rsquo;ICARDA en f\u00e9vrier 2019 sous l&rsquo;intitul\u00e9 : \u00ab\u00a0Political Economy of the wheat sector in Morocco\u00a0\u00bb.<\/p>\n<p>Dr Benta\u00efbi est co-auteur du chapitre 5 intitul\u00e9 \u00ab\u00a0Analysis of the adoption, impacts, and seed demand of improved varieties\u00a0\u00bb (pp. 87-190) dont les autres auteurs sont Yigezu A. Yigezu, Mohamed Boughlala,\u00a0 Tamer El-Shater, Dina Najjar.<\/p>\n<p>&nbsp;<\/p>\n<p><a href=\"http:\/\/inrameknes.info\/wp-content\/uploads\/2019\/03\/PoliticalEconomyWheatSectorMorocco_WEB_ISBN.pdf\" target=\"_blank\">Lire l&rsquo;ouvrage en pdf<\/a><\/p>\n","protected":false},"excerpt":{"rendered":"<p>Dr Abderrahim Benta\u00efbi, chercheur en sociologie du d\u00e9veloppement et Chef du CRRA Mekn\u00e8s a contribu\u00e9 \u00e0 l&rsquo;ouvrage collectif \u00e9dit\u00e9 par l&rsquo;INRA et l&rsquo;ICARDA en f\u00e9vrier 2019 sous l&rsquo;intitul\u00e9 : \u00ab\u00a0Political Economy of the wheat sector in Morocco\u00a0\u00bb. Dr Benta\u00efbi est &hellip; <a href=\"http:\/\/inrameknes.info\/?p=2494\">Continuer la lecture <span class=\"meta-nav\">&rarr;<\/span><\/a><\/p>\n","protected":false},"author":1,"featured_media":0,"comment_status":"closed","ping_status":"closed","sticky":false,"template":"","format":"standard","meta":{"footnotes":""},"categories":[9],"tags":[165,53,574,31,575],"class_list":["post-2494","post","type-post","status-publish","format-standard","hentry","category-publications","tag-bentaibi","tag-cereales","tag-chapitre-douvrage","tag-icarda","tag-ouvrage-collectif"],"_links":{"self":[{"href":"http:\/\/inrameknes.info\/index.php?rest_route=\/wp\/v2\/posts\/2494","targetHints":{"allow":["GET"]}}],"collection":[{"href":"http:\/\/inrameknes.info\/index.php?rest_route=\/wp\/v2\/posts"}],"about":[{"href":"http:\/\/inrameknes.info\/index.php?rest_route=\/wp\/v2\/types\/post"}],"author":[{"embeddable":true,"href":"http:\/\/inrameknes.info\/index.php?rest_route=\/wp\/v2\/users\/1"}],"replies":[{"embeddable":true,"href":"http:\/\/inrameknes.info\/index.php?rest_route=%2Fwp%2Fv2%2Fcomments&post=2494"}],"version-history":[{"count":4,"href":"http:\/\/inrameknes.info\/index.php?rest_route=\/wp\/v2\/posts\/2494\/revisions"}],"predecessor-version":[{"id":2512,"href":"http:\/\/inrameknes.info\/index.php?rest_route=\/wp\/v2\/posts\/2494\/revisions\/2512"}],"wp:attachment":[{"href":"http:\/\/inrameknes.info\/index.php?rest_route=%2Fwp%2Fv2%2Fmedia&parent=2494"}],"wp:term":[{"taxonomy":"category","embeddable":true,"href":"http:\/\/inrameknes.info\/index.php?rest_route=%2Fwp%2Fv2%2Fcategories&post=2494"},{"taxonomy":"post_tag","embeddable":true,"href":"http:\/\/inrameknes.info\/index.php?rest_route=%2Fwp%2Fv2%2Ftags&post=2494"}],"curies":[{"name":"wp","href":"https:\/\/api.w.org\/{rel}","templated":true}]}}