{"id":249,"date":"2014-09-29T11:00:57","date_gmt":"2014-09-29T10:00:57","guid":{"rendered":"http:\/\/inrameknes.info\/?p=249"},"modified":"2014-09-29T14:19:20","modified_gmt":"2014-09-29T13:19:20","slug":"linra-au-quatrieme-congres-mondial-des-etudes-sur-le-moyen-orient-wocmes-ankara-18-22-aout-2014","status":"publish","type":"post","link":"http:\/\/inrameknes.info\/?p=249","title":{"rendered":"L\u2019INRA au Quatri\u00e8me Congr\u00e8s Mondial des Etudes sur le Moyen-Orient, WOCMES &#8211; Ankara 18-22 ao\u00fbt 2014"},"content":{"rendered":"<p>L\u2019INRA a \u00e9t\u00e9 bien repr\u00e9sent\u00e9e au Quatri\u00e8me Congr\u00e8s Mondial des Etudes sur le Moyen-Orient (WOCMES), tenu \u00e0 Ankara du 18 au 22 ao\u00fbt 2014, \u00e0 travers des communications orales et l\u2019organisation du panel intitul\u00e9 \u00ab Les jeunes en milieu rural au Maghreb : opinions, strat\u00e9gies de vie, participations et pr\u00e9occupations \u00bb.<\/p>\n<div id=\"attachment_250\" style=\"width: 310px\" class=\"wp-caption alignright\"><a href=\"http:\/\/inrameknes.info\/wp-content\/uploads\/2014\/09\/Benta\u00efbi-et-Bahri-INRA-Mekn\u00e8s-au-WOCMES-2014.jpg\"><img loading=\"lazy\" decoding=\"async\" aria-describedby=\"caption-attachment-250\" class=\"wp-image-250 size-medium\" title=\"Noureddine Bahri et Abderrahim Benta\u00efbi, chercheurs \u00e0 l'INRA Mekn\u00e8s, pr\u00e9sidant un panel au WOCMES, Ankara, ao\u00fbt 2014\" src=\"http:\/\/inrameknes.info\/wp-content\/uploads\/2014\/09\/Benta\u00efbi-et-Bahri-INRA-Mekn\u00e8s-au-WOCMES-2014-300x272.jpg\" alt=\"Noureddine Bahri et Abderrahim Benta\u00efbi, chercheurs \u00e0 l'INRA Mekn\u00e8s, pr\u00e9sidant un panel au WOCMES, Ankara, ao\u00fbt 2014\" width=\"300\" height=\"272\" srcset=\"http:\/\/inrameknes.info\/wp-content\/uploads\/2014\/09\/Benta\u00efbi-et-Bahri-INRA-Mekn\u00e8s-au-WOCMES-2014-300x272.jpg 300w, http:\/\/inrameknes.info\/wp-content\/uploads\/2014\/09\/Benta\u00efbi-et-Bahri-INRA-Mekn\u00e8s-au-WOCMES-2014-1024x928.jpg 1024w\" sizes=\"auto, (max-width: 300px) 100vw, 300px\" \/><\/a><p id=\"caption-attachment-250\" class=\"wp-caption-text\">Noureddine Bahri et Abderrahim Benta\u00efbi, chercheurs \u00e0 l&rsquo;INRA Mekn\u00e8s, pr\u00e9sidant un panel au WOCMES, Ankara, ao\u00fbt 2014<\/p><\/div>\n<p>Dr Abderrahim Benta\u00efbi (Pr\u00e9sident du panel) et Mr Noureddine Bahri (Discutant) ont en effet anim\u00e9 cette s\u00e9ance qui a enregistr\u00e9 une importante participation de chercheurs de diff\u00e9rents horizons et notamment du Maghreb, d\u2019Espagne et de France.<\/p>\n<p>La communication qu\u2019ils y ont donn\u00e9e est consacr\u00e9e aux \u00ab Jeunes ruraux du Maroc: la question de la diversit\u00e9 des valeurs et des strat\u00e9gies de vie en contexte de contraintes sociale, \u00e9conomique et \u00e9cologique \u00bb.<\/p>\n<p>Il est \u00e0 signaler l\u2019int\u00e9r\u00eat de l\u2019Ambassade du Maroc en Turquie pour cette manifestation dont un Conseiller a suivi tous les travaux.<\/p>\n","protected":false},"excerpt":{"rendered":"<p>L\u2019INRA a \u00e9t\u00e9 bien repr\u00e9sent\u00e9e au Quatri\u00e8me Congr\u00e8s Mondial des Etudes sur le Moyen-Orient (WOCMES), tenu \u00e0 Ankara du 18 au 22 ao\u00fbt 2014, \u00e0 travers des communications orales et l\u2019organisation du panel intitul\u00e9 \u00ab Les jeunes en milieu rural &hellip; <a href=\"http:\/\/inrameknes.info\/?p=249\">Continuer la lecture <span class=\"meta-nav\">&rarr;<\/span><\/a><\/p>\n","protected":false},"author":1,"featured_media":0,"comment_status":"closed","ping_status":"closed","sticky":false,"template":"","format":"standard","meta":{"footnotes":""},"categories":[11],"tags":[13,25,24,27,26],"class_list":["post-249","post","type-post","status-publish","format-standard","hentry","category-actualites","tag-inra-meknes","tag-jeunes-ruraux","tag-socio-economie","tag-strategies-de-vies-des-jeunes","tag-valeurs-des-jeunes"],"_links":{"self":[{"href":"http:\/\/inrameknes.info\/index.php?rest_route=\/wp\/v2\/posts\/249","targetHints":{"allow":["GET"]}}],"collection":[{"href":"http:\/\/inrameknes.info\/index.php?rest_route=\/wp\/v2\/posts"}],"about":[{"href":"http:\/\/inrameknes.info\/index.php?rest_route=\/wp\/v2\/types\/post"}],"author":[{"embeddable":true,"href":"http:\/\/inrameknes.info\/index.php?rest_route=\/wp\/v2\/users\/1"}],"replies":[{"embeddable":true,"href":"http:\/\/inrameknes.info\/index.php?rest_route=%2Fwp%2Fv2%2Fcomments&post=249"}],"version-history":[{"count":3,"href":"http:\/\/inrameknes.info\/index.php?rest_route=\/wp\/v2\/posts\/249\/revisions"}],"predecessor-version":[{"id":266,"href":"http:\/\/inrameknes.info\/index.php?rest_route=\/wp\/v2\/posts\/249\/revisions\/266"}],"wp:attachment":[{"href":"http:\/\/inrameknes.info\/index.php?rest_route=%2Fwp%2Fv2%2Fmedia&parent=249"}],"wp:term":[{"taxonomy":"category","embeddable":true,"href":"http:\/\/inrameknes.info\/index.php?rest_route=%2Fwp%2Fv2%2Fcategories&post=249"},{"taxonomy":"post_tag","embeddable":true,"href":"http:\/\/inrameknes.info\/index.php?rest_route=%2Fwp%2Fv2%2Ftags&post=249"}],"curies":[{"name":"wp","href":"https:\/\/api.w.org\/{rel}","templated":true}]}}