{"id":2375,"date":"2018-12-18T15:58:49","date_gmt":"2018-12-18T14:58:49","guid":{"rendered":"http:\/\/inrameknes.info\/?p=2375"},"modified":"2018-12-18T16:53:20","modified_gmt":"2018-12-18T15:53:20","slug":"linra-meknes-contribue-a-lanimation-de-la-journee-regionale-sur-la-filiere-des-cereales","status":"publish","type":"post","link":"http:\/\/inrameknes.info\/?p=2375","title":{"rendered":"L\u2019INRA Mekn\u00e8s contribue \u00e0 l\u2019animation de la journ\u00e9e r\u00e9gionale sur la fili\u00e8re des c\u00e9r\u00e9ales"},"content":{"rendered":"<p><a href=\"http:\/\/inrameknes.info\/wp-content\/uploads\/2018\/12\/C\u00e9r\u00e9ales.jpg\"><img loading=\"lazy\" decoding=\"async\" class=\"alignleft size-medium wp-image-2376\" src=\"http:\/\/inrameknes.info\/wp-content\/uploads\/2018\/12\/C\u00e9r\u00e9ales-300x175.jpg\" alt=\"\" width=\"300\" height=\"175\" srcset=\"http:\/\/inrameknes.info\/wp-content\/uploads\/2018\/12\/C\u00e9r\u00e9ales-300x175.jpg 300w, http:\/\/inrameknes.info\/wp-content\/uploads\/2018\/12\/C\u00e9r\u00e9ales.jpg 377w\" sizes=\"auto, (max-width: 300px) 100vw, 300px\" \/><\/a>Le Centre R\u00e9gional de la Recherche Agronomique de Mekn\u00e8s Mekn\u00e8s a substantiellement contribu\u00e9 \u00a0\u00e0 l\u2019animation scientifique et technique de la journ\u00e9e d\u2019\u00e9tude \u00ab\u00a0<strong>Fili\u00e8re c\u00e9r\u00e9ales dans la r\u00e9gion de F\u00e8s-Mekn\u00e8s : production, financement et commercialisation\u00a0<\/strong>\u00bb qui a eu lieu le 12 d\u00e9cembre 2018 au si\u00e8ge de la r\u00e9gion de F\u00e8s-Mekn\u00e8s.<\/p>\n<p>Organis\u00e9e par le Conseil de la R\u00e9gion F\u00e8s-Mekn\u00e8s et la Direction R\u00e9gionale de l&rsquo;Agriculture de F\u00e8s-Mekn\u00e8s, cette manifestation a r\u00e9unis diff\u00e9rents acteurs et intervenants r\u00e9gionaux en vue de faire le point sur l\u2019\u00e9tat de la fili\u00e8re c\u00e9r\u00e9ali\u00e8re dans la r\u00e9gion et sur les opportunit\u00e9s futures de son d\u00e9veloppement.<\/p>\n<p>Le pr\u00e9sidium de la journ\u00e9e conduit par le Pr\u00e9sident du Conseil de la R\u00e9gion F\u00e8s-Mekn\u00e8s \u00e9tait en outre constitu\u00e9 du Directeur R\u00e9gional de la DRA F\u00e8s-Mekn\u00e8s, du Chef du CRRA de Mekn\u00e8s et du Directeur R\u00e9gional F\u00e8s-Mekn\u00e8s du Cr\u00e9dit Agricole. La contribution du CRRA Mekn\u00e8s s\u2019est d\u00e9clin\u00e9e en une pr\u00e9sentation au sujet de la conduite technique des c\u00e9r\u00e9ales (bl\u00e9s) donn\u00e9e par Dr. Moha Ferrahi sachant que Dr. Abdelghani Nabloussi a assur\u00e9 la mod\u00e9ration de cette manifestation.<\/p>\n","protected":false},"excerpt":{"rendered":"<p>Le Centre R\u00e9gional de la Recherche Agronomique de Mekn\u00e8s Mekn\u00e8s a substantiellement contribu\u00e9 \u00a0\u00e0 l\u2019animation scientifique et technique de la journ\u00e9e d\u2019\u00e9tude \u00ab\u00a0Fili\u00e8re c\u00e9r\u00e9ales dans la r\u00e9gion de F\u00e8s-Mekn\u00e8s : production, financement et commercialisation\u00a0\u00bb qui a eu lieu le 12 &hellip; <a href=\"http:\/\/inrameknes.info\/?p=2375\">Continuer la lecture <span class=\"meta-nav\">&rarr;<\/span><\/a><\/p>\n","protected":false},"author":1,"featured_media":0,"comment_status":"closed","ping_status":"closed","sticky":false,"template":"","format":"standard","meta":{"footnotes":""},"categories":[1,82],"tags":[165,53,557,361,214,146,429],"class_list":["post-2375","post","type-post","status-publish","format-standard","hentry","category-non-classe","category-seminaires","tag-bentaibi","tag-cereales","tag-conseil-regional-fes-meknes","tag-dra-fes-meknes","tag-ferrahi","tag-nabloussi","tag-seminaire"],"_links":{"self":[{"href":"http:\/\/inrameknes.info\/index.php?rest_route=\/wp\/v2\/posts\/2375","targetHints":{"allow":["GET"]}}],"collection":[{"href":"http:\/\/inrameknes.info\/index.php?rest_route=\/wp\/v2\/posts"}],"about":[{"href":"http:\/\/inrameknes.info\/index.php?rest_route=\/wp\/v2\/types\/post"}],"author":[{"embeddable":true,"href":"http:\/\/inrameknes.info\/index.php?rest_route=\/wp\/v2\/users\/1"}],"replies":[{"embeddable":true,"href":"http:\/\/inrameknes.info\/index.php?rest_route=%2Fwp%2Fv2%2Fcomments&post=2375"}],"version-history":[{"count":2,"href":"http:\/\/inrameknes.info\/index.php?rest_route=\/wp\/v2\/posts\/2375\/revisions"}],"predecessor-version":[{"id":2378,"href":"http:\/\/inrameknes.info\/index.php?rest_route=\/wp\/v2\/posts\/2375\/revisions\/2378"}],"wp:attachment":[{"href":"http:\/\/inrameknes.info\/index.php?rest_route=%2Fwp%2Fv2%2Fmedia&parent=2375"}],"wp:term":[{"taxonomy":"category","embeddable":true,"href":"http:\/\/inrameknes.info\/index.php?rest_route=%2Fwp%2Fv2%2Fcategories&post=2375"},{"taxonomy":"post_tag","embeddable":true,"href":"http:\/\/inrameknes.info\/index.php?rest_route=%2Fwp%2Fv2%2Ftags&post=2375"}],"curies":[{"name":"wp","href":"https:\/\/api.w.org\/{rel}","templated":true}]}}