{"id":2333,"date":"2018-11-01T16:44:33","date_gmt":"2018-11-01T15:44:33","guid":{"rendered":"http:\/\/inrameknes.info\/?p=2333"},"modified":"2018-11-01T16:59:37","modified_gmt":"2018-11-01T15:59:37","slug":"seminaire-interne-etude-de-ladaptation-de-lolivier-au-rechauffement-climatique-par-la-modelisation-de-la-phenologie-de-floraison","status":"publish","type":"post","link":"http:\/\/inrameknes.info\/?p=2333","title":{"rendered":"S\u00e9minaire interne : Etude de l\u2019adaptation de l&rsquo;olivier au r\u00e9chauffement climatique par la mod\u00e9lisation de la ph\u00e9nologie de floraison"},"content":{"rendered":"<div id=\"attachment_2334\" style=\"width: 220px\" class=\"wp-caption alignleft\"><a href=\"http:\/\/inrameknes.info\/wp-content\/uploads\/2018\/11\/Pr-Jean-Jacques-Kelner.jpg\"><img loading=\"lazy\" decoding=\"async\" aria-describedby=\"caption-attachment-2334\" class=\"size-medium wp-image-2334\" src=\"http:\/\/inrameknes.info\/wp-content\/uploads\/2018\/11\/Pr-Jean-Jacques-Kelner-210x300.jpg\" alt=\"Pr Jean-Jacques Kelner\" width=\"210\" height=\"300\" srcset=\"http:\/\/inrameknes.info\/wp-content\/uploads\/2018\/11\/Pr-Jean-Jacques-Kelner-210x300.jpg 210w, http:\/\/inrameknes.info\/wp-content\/uploads\/2018\/11\/Pr-Jean-Jacques-Kelner.jpg 600w\" sizes=\"auto, (max-width: 210px) 100vw, 210px\" \/><\/a><p id=\"caption-attachment-2334\" class=\"wp-caption-text\">Pr Jean-Jacques Kelner<\/p><\/div>\n<p><a href=\"https:\/\/www.researchgate.net\/profile\/Jean_Jacques_Kelner\" target=\"_blank\">Pr Jean-Jacques Kelner<\/a> (Biologiste, Ma\u00eetre de Conf\u00e9rences <a href=\"https:\/\/www.montpellier-supagro.fr\" target=\"_blank\">Montpellier SupAgro<\/a> &#8211; <a href=\"https:\/\/umr-agap.cirad.fr\/\" target=\"_blank\">UMR AGAP<\/a>) a anim\u00e9 une conf\u00e9rence intitul\u00e9e : \u00ab\u00a0Etude de l\u2019adaptation de l&rsquo;olivier au r\u00e9chauffement climatique par la mod\u00e9lisation de la ph\u00e9nologie de floraison\u00a0\u00bb ce jeudi 01 novembre 2018 au CRRA Mekn\u00e8s.<\/p>\n<p>Cette conf\u00e9rence a drain\u00e9 une large audience, tr\u00e8s int\u00e9ress\u00e9e, compos\u00e9e notamment de chercheurSEs, technicienNEs et doctorantEs de l\u2019INRA Mekn\u00e8s, d\u2019enseignantEs-chercheurSEs de l\u2019IAV Hassan II et de la Fac des Science de Mekn\u00e8s, d\u2019\u00e9tudiantEs en Master Protection des plantes et biotechnologie de cette m\u00eame facult\u00e9 en plus de cadres de d\u00e9veloppement et de conseil agricoles.<\/p>\n<p>Le travail de recherche pr\u00e9sent\u00e9 a \u00e9t\u00e9 r\u00e9alis\u00e9 par l\u2019\u00e9quipe \u00ab\u00a0AFEF, Universit\u00e9 de Montpellier, UMR AGAP, CIRAD-INRA-Montpellier SupAgro\u00a0\u00bb en collaboration avec des chercheurSEs de l\u2019INRA Marrakech. Il concerne les modifications des rythmes ph\u00e9nologiques des esp\u00e8ces fruiti\u00e8res qui sont observ\u00e9es dans le contexte actuel de changement climatique caract\u00e9ris\u00e9 par une augmentation progressive des temp\u00e9ratures. Ces effets sont particuli\u00e8rement importants dans les zones de production caract\u00e9ris\u00e9es par des hivers doux qui entra\u00eenent des floraisons potentiellement tr\u00e8s pr\u00e9coces mais qui a contrario ne permettent pas de lever facilement la dormance hivernale. Ce constat entra\u00eene des r\u00e9flexions sur l\u2019adaptation des agrosyst\u00e8mes, le changement des aires de culture voire sur la recherche de nouvelles vari\u00e9t\u00e9s mieux adapt\u00e9es aux conditions climatiques futures. Dans ce contexte la mod\u00e9lisation appara\u00eet comme un outil indispensable pour pr\u00e9dire l\u2019\u00e9volution future des rythmes ph\u00e9nologiques, pour caract\u00e9riser la diversit\u00e9 vari\u00e9tale mais aussi pour accompagner les travaux exp\u00e9rimentaux \u00e0 conduire pour am\u00e9liorer notre connaissance des ph\u00e9nom\u00e8nes biologiques impliqu\u00e9s.<\/p>\n<p>L\u2019expos\u00e9 de Pr Kelner a pr\u00e9sent\u00e9 la m\u00e9thodologie de mod\u00e9lisation de la ph\u00e9nologie en se basant sur des exemples issus des travaux de son \u00e9quipe de recherche, principalement sur pommier.\u00a0 L\u2019accent a \u00e9t\u00e9 mis sur le choix des formalismes \u00e0 utiliser dans les mod\u00e8les, sur les contraintes li\u00e9es aux larges jeux de donn\u00e9es exp\u00e9rimentales n\u00e9cessaires et sur la n\u00e9cessit\u00e9 des \u00e9tapes de validation des mod\u00e8les pour extrapoler les r\u00e9sultats acquis. Ensuite, les premiers r\u00e9sultats acquis sur la collection de vari\u00e9t\u00e9s d\u2019olivier sur la variabilit\u00e9 inter-annuelle et inter-g\u00e9notypique ont \u00e9t\u00e9 trait\u00e9s. Ces premiers r\u00e9sultats montrent une forte interaction g\u00e9notype x ann\u00e9e sugg\u00e9rant des r\u00e9ponses tr\u00e8s diversifi\u00e9es aux variables environnementales selon le g\u00e9notype et renfor\u00e7ant l\u2019utilit\u00e9 d\u2019une approche de mod\u00e9lisation pour la caract\u00e9risation vari\u00e9tale. Le conf\u00e9rencier a enfin conclu sur les enjeux de cette mod\u00e9lisation sur olivier en mettant l\u2019accent sur les similarit\u00e9s ou les diff\u00e9rences biologiques avec les fruitiers temp\u00e9r\u00e9s et les cons\u00e9quences possibles en termes de mod\u00e9lisation.<\/p>\n<p>Il est \u00e0 signaler que cette m\u00eame conf\u00e9rence a \u00e9t\u00e9 pr\u00e9sent\u00e9e au Symposium\u00a0 R\u00e9silience des agro\u00e9cosyst\u00e8mes ol\u00e9icoles au changement climatique organis\u00e9 par l&rsquo;Acad\u00e9mie Hassan II des Sciences et Techniques \u00e0 Rabat les 23 et 24 Octobre 2018.<\/p>\n","protected":false},"excerpt":{"rendered":"<p>Pr Jean-Jacques Kelner (Biologiste, Ma\u00eetre de Conf\u00e9rences Montpellier SupAgro &#8211; UMR AGAP) a anim\u00e9 une conf\u00e9rence intitul\u00e9e : \u00ab\u00a0Etude de l\u2019adaptation de l&rsquo;olivier au r\u00e9chauffement climatique par la mod\u00e9lisation de la ph\u00e9nologie de floraison\u00a0\u00bb ce jeudi 01 novembre 2018 au &hellip; <a href=\"http:\/\/inrameknes.info\/?p=2333\">Continuer la lecture <span class=\"meta-nav\">&rarr;<\/span><\/a><\/p>\n","protected":false},"author":1,"featured_media":0,"comment_status":"closed","ping_status":"closed","sticky":false,"template":"","format":"standard","meta":{"footnotes":""},"categories":[82],"tags":[56,548,547,835,177],"class_list":["post-2333","post","type-post","status-publish","format-standard","hentry","category-seminaires","tag-changement-climatique","tag-floraison","tag-modelisation","tag-olivier","tag-seminaire-interne"],"_links":{"self":[{"href":"http:\/\/inrameknes.info\/index.php?rest_route=\/wp\/v2\/posts\/2333","targetHints":{"allow":["GET"]}}],"collection":[{"href":"http:\/\/inrameknes.info\/index.php?rest_route=\/wp\/v2\/posts"}],"about":[{"href":"http:\/\/inrameknes.info\/index.php?rest_route=\/wp\/v2\/types\/post"}],"author":[{"embeddable":true,"href":"http:\/\/inrameknes.info\/index.php?rest_route=\/wp\/v2\/users\/1"}],"replies":[{"embeddable":true,"href":"http:\/\/inrameknes.info\/index.php?rest_route=%2Fwp%2Fv2%2Fcomments&post=2333"}],"version-history":[{"count":4,"href":"http:\/\/inrameknes.info\/index.php?rest_route=\/wp\/v2\/posts\/2333\/revisions"}],"predecessor-version":[{"id":2338,"href":"http:\/\/inrameknes.info\/index.php?rest_route=\/wp\/v2\/posts\/2333\/revisions\/2338"}],"wp:attachment":[{"href":"http:\/\/inrameknes.info\/index.php?rest_route=%2Fwp%2Fv2%2Fmedia&parent=2333"}],"wp:term":[{"taxonomy":"category","embeddable":true,"href":"http:\/\/inrameknes.info\/index.php?rest_route=%2Fwp%2Fv2%2Fcategories&post=2333"},{"taxonomy":"post_tag","embeddable":true,"href":"http:\/\/inrameknes.info\/index.php?rest_route=%2Fwp%2Fv2%2Ftags&post=2333"}],"curies":[{"name":"wp","href":"https:\/\/api.w.org\/{rel}","templated":true}]}}