{"id":2327,"date":"2018-10-18T15:01:45","date_gmt":"2018-10-18T14:01:45","guid":{"rendered":"http:\/\/inrameknes.info\/?p=2327"},"modified":"2018-10-18T15:05:47","modified_gmt":"2018-10-18T14:05:47","slug":"visite-dagriculteurs-du-souss-massa-au-crra-meknes","status":"publish","type":"post","link":"http:\/\/inrameknes.info\/?p=2327","title":{"rendered":"Visite d&rsquo;agriculteurs du Souss-Massa au CRRA Mekn\u00e8s"},"content":{"rendered":"<p><span style=\"font-family: 'Times New Roman','serif';\"><span style=\"color: #008000;\"><a href=\"http:\/\/inrameknes.info\/wp-content\/uploads\/2018\/10\/IMG_4629.jpg\"><img loading=\"lazy\" decoding=\"async\" class=\"alignright size-full wp-image-2328\" src=\"http:\/\/inrameknes.info\/wp-content\/uploads\/2018\/10\/IMG_4629.jpg\" alt=\"\" width=\"600\" height=\"351\" srcset=\"http:\/\/inrameknes.info\/wp-content\/uploads\/2018\/10\/IMG_4629.jpg 600w, http:\/\/inrameknes.info\/wp-content\/uploads\/2018\/10\/IMG_4629-300x175.jpg 300w\" sizes=\"auto, (max-width: 600px) 100vw, 600px\" \/><\/a>L<span style=\"margin: 0px; color: #26282a; line-height: 115%; font-family: 'Times New Roman','serif'; font-size: 12pt;\">a chambre d&rsquo;agriculture de la r\u00e9gion\u00a0Souss-Massa organise, en partenariat avec le Centre R\u00e9gional de la Recherche Agronomique de Mekn\u00e8s, un voyage d&rsquo;\u00e9tude au profit des agriculteurs de Taroudant dans la r\u00e9gion de Mekn\u00e8s du 17 au 19 octobre 2018. Le th\u00e8me de la visite concerne la culture des esp\u00e8ces arboricoles et est effectu\u00e9e au niveau du Domaine Exp\u00e9rimental d&rsquo;A\u00efn Taoujdate et de certaines exploitations priv\u00e9es et au niveau. Cette activit\u00e9 est encadr\u00e9e par Dr Abdellah Kajji, Chercheur et Coordinateur de l&rsquo;Unit\u00e9 de Recherche Agronomie et Physiologie V\u00e9g\u00e9tale du CRRA Mekn\u00e8s.<\/span><\/span><\/span><\/p>\n","protected":false},"excerpt":{"rendered":"<p>La chambre d&rsquo;agriculture de la r\u00e9gion\u00a0Souss-Massa organise, en partenariat avec le Centre R\u00e9gional de la Recherche Agronomique de Mekn\u00e8s, un voyage d&rsquo;\u00e9tude au profit des agriculteurs de Taroudant dans la r\u00e9gion de Mekn\u00e8s du 17 au 19 octobre 2018. Le &hellip; <a href=\"http:\/\/inrameknes.info\/?p=2327\">Continuer la lecture <span class=\"meta-nav\">&rarr;<\/span><\/a><\/p>\n","protected":false},"author":1,"featured_media":0,"comment_status":"closed","ping_status":"closed","sticky":false,"template":"","format":"standard","meta":{"footnotes":""},"categories":[116],"tags":[545,546,178,371,99,839],"class_list":["post-2327","post","type-post","status-publish","format-standard","hentry","category-visite","tag-agriculteurs","tag-arboriculture","tag-de-ain-taoujdate","tag-kajji","tag-urapv","tag-visite"],"_links":{"self":[{"href":"http:\/\/inrameknes.info\/index.php?rest_route=\/wp\/v2\/posts\/2327","targetHints":{"allow":["GET"]}}],"collection":[{"href":"http:\/\/inrameknes.info\/index.php?rest_route=\/wp\/v2\/posts"}],"about":[{"href":"http:\/\/inrameknes.info\/index.php?rest_route=\/wp\/v2\/types\/post"}],"author":[{"embeddable":true,"href":"http:\/\/inrameknes.info\/index.php?rest_route=\/wp\/v2\/users\/1"}],"replies":[{"embeddable":true,"href":"http:\/\/inrameknes.info\/index.php?rest_route=%2Fwp%2Fv2%2Fcomments&post=2327"}],"version-history":[{"count":2,"href":"http:\/\/inrameknes.info\/index.php?rest_route=\/wp\/v2\/posts\/2327\/revisions"}],"predecessor-version":[{"id":2331,"href":"http:\/\/inrameknes.info\/index.php?rest_route=\/wp\/v2\/posts\/2327\/revisions\/2331"}],"wp:attachment":[{"href":"http:\/\/inrameknes.info\/index.php?rest_route=%2Fwp%2Fv2%2Fmedia&parent=2327"}],"wp:term":[{"taxonomy":"category","embeddable":true,"href":"http:\/\/inrameknes.info\/index.php?rest_route=%2Fwp%2Fv2%2Fcategories&post=2327"},{"taxonomy":"post_tag","embeddable":true,"href":"http:\/\/inrameknes.info\/index.php?rest_route=%2Fwp%2Fv2%2Ftags&post=2327"}],"curies":[{"name":"wp","href":"https:\/\/api.w.org\/{rel}","templated":true}]}}