{"id":2315,"date":"2018-10-16T16:48:17","date_gmt":"2018-10-16T15:48:17","guid":{"rendered":"http:\/\/inrameknes.info\/?p=2315"},"modified":"2018-10-16T16:49:14","modified_gmt":"2018-10-16T15:49:14","slug":"seminaire-acquis-et-strategie-de-recherche-pour-une-filiere-arboricole-performante-et-durable-11-octobre-2018-au-qualipole-alimentation-de-meknes","status":"publish","type":"post","link":"http:\/\/inrameknes.info\/?p=2315","title":{"rendered":"S\u00e9minaire \u00ab Acquis et strat\u00e9gie de recherche pour une fili\u00e8re arboricole performante et durable \u00bb, 11 octobre 2018 au Qualipole Alimentation de Mekn\u00e8s."},"content":{"rendered":"<p><a href=\"http:\/\/inrameknes.info\/wp-content\/uploads\/2018\/10\/Affiche.jpg\"><img loading=\"lazy\" decoding=\"async\" class=\"alignleft size-medium wp-image-2317\" src=\"http:\/\/inrameknes.info\/wp-content\/uploads\/2018\/10\/Affiche-213x300.jpg\" alt=\"\" width=\"213\" height=\"300\" srcset=\"http:\/\/inrameknes.info\/wp-content\/uploads\/2018\/10\/Affiche-213x300.jpg 213w, http:\/\/inrameknes.info\/wp-content\/uploads\/2018\/10\/Affiche.jpg 600w\" sizes=\"auto, (max-width: 213px) 100vw, 213px\" \/><\/a>Le s\u00e9minaire \u00ab Acquis et strat\u00e9gie de recherche pour une fili\u00e8re arboricole performante et durable \u00bb a \u00e9t\u00e9 organis\u00e9 par le Centre R\u00e9gional de la Recherche Agronomique de Mekn\u00e8s le jeudi 11 octobre 2018 au Qualipole Alimentation de Mekn\u00e8s.<\/p>\n<p>La manifestation a connu un franc succ\u00e8s non seulement de par la qualit\u00e9 de ses contenus mais aussi par la qualit\u00e9 et le volume de la participation. Plus de 120 personnes y ont pris part \u00e9manant de la recherche scientifique, du d\u00e9veloppement agricole, du conseil agricole et surtout de la profession \u00e0 travers une participation massive de dirigeants et membres de l\u2019interprofession du secteur arboricole, la <a href=\"https:\/\/www.fedamaroc.com\/index.php?lang=fr\" target=\"_blank\">F\u00e9DAM<\/a> en l\u2019occurrence. Le succ\u00e8s de ce s\u00e9minaire s\u2019est traduit aussi \u00e0 travers un panel de pr\u00e9sidence de premier plan et r\u00e9unissant les principaux acteurs de la fili\u00e8re. Assur\u00e9e par Dr Rachid Dahan, Secr\u00e9taire G\u00e9n\u00e9ral de <a href=\"https:\/\/www.inra.org.ma\/\" target=\"_blank\">l\u2019INRA<\/a>, l\u2019ouverture de la rencontre a ainsi enregistr\u00e9 les allocutions de la <a href=\"https:\/\/www.fedamaroc.com\/index.php?lang=fr\" target=\"_blank\">F\u00e9DAM<\/a>, de la <a href=\"www.agriculture.gov.ma\/\" target=\"_blank\">DRA F\u00e8s-Mekn\u00e8s<\/a>, de <a href=\"www.enameknes.ac.ma\/\" target=\"_blank\">l\u2019ENA Mekn\u00e8s<\/a>, de <a href=\"http:\/\/www.onca.gov.ma\/fr\" target=\"_blank\">l\u2019ONCA<\/a> F\u00e8s-Mekn\u00e8s et de <a href=\"www.onssa.gov.ma\/\" target=\"_blank\">l\u2019ONSSA <\/a>\u00a0F\u00e8s-Mekn\u00e8s.<!--more--><\/p>\n<div id=\"attachment_2318\" style=\"width: 610px\" class=\"wp-caption alignleft\"><a href=\"http:\/\/inrameknes.info\/wp-content\/uploads\/2018\/10\/Pr\u00e9sidence.jpg\"><img loading=\"lazy\" decoding=\"async\" aria-describedby=\"caption-attachment-2318\" class=\"size-full wp-image-2318\" src=\"http:\/\/inrameknes.info\/wp-content\/uploads\/2018\/10\/Pr\u00e9sidence.jpg\" alt=\"Dr Abderrahim Benta\u00efbi, Chef du CRRA Mekn\u00e8s, animant le panel de pr\u00e9sidence du s\u00e9minaire\" width=\"600\" height=\"254\" srcset=\"http:\/\/inrameknes.info\/wp-content\/uploads\/2018\/10\/Pr\u00e9sidence.jpg 600w, http:\/\/inrameknes.info\/wp-content\/uploads\/2018\/10\/Pr\u00e9sidence-300x127.jpg 300w\" sizes=\"auto, (max-width: 600px) 100vw, 600px\" \/><\/a><p id=\"caption-attachment-2318\" class=\"wp-caption-text\">Dr Abderrahim Benta\u00efbi, Chef du CRRA Mekn\u00e8s, animant le panel de pr\u00e9sidence du s\u00e9minaire<\/p><\/div>\n<p>Un \u00e9l\u00e9ment central de r\u00e9ussite a \u00e9t\u00e9 de l\u2019avis de multiples t\u00e9moignages <a href=\"http:\/\/inrameknes.info\/wp-content\/uploads\/2018\/10\/Brochure-du-s\u00e9minaire-pr\u00e9sentation-et-programme.pdf\" target=\"_blank\">le programme<\/a><\/p>\n<div id=\"attachment_2319\" style=\"width: 310px\" class=\"wp-caption alignright\"><a href=\"http:\/\/inrameknes.info\/wp-content\/uploads\/2018\/10\/Posters.jpg\"><img loading=\"lazy\" decoding=\"async\" aria-describedby=\"caption-attachment-2319\" class=\"size-medium wp-image-2319\" src=\"http:\/\/inrameknes.info\/wp-content\/uploads\/2018\/10\/Posters-300x130.jpg\" alt=\"Espace Posters\" width=\"300\" height=\"130\" srcset=\"http:\/\/inrameknes.info\/wp-content\/uploads\/2018\/10\/Posters-300x130.jpg 300w, http:\/\/inrameknes.info\/wp-content\/uploads\/2018\/10\/Posters.jpg 600w\" sizes=\"auto, (max-width: 300px) 100vw, 300px\" \/><\/a><p id=\"caption-attachment-2319\" class=\"wp-caption-text\">Espace Posters<\/p><\/div>\n<p>consistant couvrant divers aspects dont l\u2019am\u00e9lioration g\u00e9n\u00e9tique, les techniques de gestion durable et efficiente des syst\u00e8mes de production, la protection des arbres fruitiers et la valorisation agro-industrielle de la production. L\u2019assistance a d\u2019abord suivi une pr\u00e9sentation introductive de la DRA F\u00e8s-Mekn\u00e8s au sujet des acquis du Plan Maroc Vert en<\/p>\n<div id=\"attachment_2320\" style=\"width: 310px\" class=\"wp-caption alignright\"><a href=\"http:\/\/inrameknes.info\/wp-content\/uploads\/2018\/10\/Posters1.jpg\"><img loading=\"lazy\" decoding=\"async\" aria-describedby=\"caption-attachment-2320\" class=\"size-medium wp-image-2320\" src=\"http:\/\/inrameknes.info\/wp-content\/uploads\/2018\/10\/Posters1-300x214.jpg\" alt=\"Stand \u00ab Produits d\u00e9riv\u00e9s de l\u2019arboriculture fruiti\u00e8re \u00bb\" width=\"300\" height=\"214\" srcset=\"http:\/\/inrameknes.info\/wp-content\/uploads\/2018\/10\/Posters1-300x214.jpg 300w, http:\/\/inrameknes.info\/wp-content\/uploads\/2018\/10\/Posters1.jpg 600w\" sizes=\"auto, (max-width: 300px) 100vw, 300px\" \/><\/a><p id=\"caption-attachment-2320\" class=\"wp-caption-text\">Stand \u00ab Produits d\u00e9riv\u00e9s de l\u2019arboriculture fruiti\u00e8re \u00bb<\/p><\/div>\n<p>mati\u00e8re de promotion de la culture des arbres fruitiers dans la r\u00e9gion. Les conf\u00e9renciers de l\u2019INRA (des chercheurSEs du CRRA Mekn\u00e8s en l\u2019occurrence) ont par la suite apport\u00e9 des \u00e9clairages sur les acquis des programmes de recherche \u00e0 moyen terme r\u00e9cemment cl\u00f4tur\u00e9s centr\u00e9s notamment sur la conservation et l\u2019am\u00e9lioration g\u00e9n\u00e9tique des arbres fruitiers et sur l\u2019optimisation de pratiques culturales des arbres fruitiers. Lors d\u2019une deuxi\u00e8me session, deux enseignants-chercheurs de l\u2019ENA Mekn\u00e8s ont donn\u00e9 des communications sur deux aspects techniques importants \u00e0 savoir la lutte contre les ravageurs des arbres fruitiers dans un contexte de changement climatique et l\u2019approche de l\u2019irrigation intelligente chez les arbres fruitiers (cas du pommier). Les deux derni\u00e8res communications, assur\u00e9es par des chercheurSEs INRA (Rabat puis Mekn\u00e8s), ont \u00e9t\u00e9 successivement d\u00e9di\u00e9es \u00e0 la transformation des fruits (cas de la figue, abricot et caroubes) et enfin \u00e0 la d\u00e9clinaison de la strat\u00e9gie de recherche INRA en mati\u00e8re d\u2019arboriculture fruiti\u00e8re pour la p\u00e9riode 2017-20.<\/p>\n<p>Durant l\u2019entre-sessions, les participantEs ont \u00e9t\u00e9 convi\u00e9 \u00e0 visiter un espace de pr\u00e9sentation<\/p>\n<div id=\"attachment_2321\" style=\"width: 310px\" class=\"wp-caption alignright\"><a href=\"http:\/\/inrameknes.info\/wp-content\/uploads\/2018\/10\/D\u00e9gustation.jpg\"><img loading=\"lazy\" decoding=\"async\" aria-describedby=\"caption-attachment-2321\" class=\"size-medium wp-image-2321\" src=\"http:\/\/inrameknes.info\/wp-content\/uploads\/2018\/10\/D\u00e9gustation-300x179.jpg\" alt=\"D\u00e9gustation des produits transform\u00e9s (jus, sirops, g\u00e2teaux\u2026) issus de la figue \u00e0 faible valeur ajout\u00e9e\" width=\"300\" height=\"179\" srcset=\"http:\/\/inrameknes.info\/wp-content\/uploads\/2018\/10\/D\u00e9gustation-300x179.jpg 300w, http:\/\/inrameknes.info\/wp-content\/uploads\/2018\/10\/D\u00e9gustation.jpg 600w\" sizes=\"auto, (max-width: 300px) 100vw, 300px\" \/><\/a><p id=\"caption-attachment-2321\" class=\"wp-caption-text\">D\u00e9gustation des produits transform\u00e9s (jus, sirops, g\u00e2teaux\u2026) issus de la figue \u00e0 faible valeur ajout\u00e9e<\/p><\/div>\n<p>de plusieurs communications affich\u00e9es et de posters de promotion des r\u00e9sultats saillants de l\u2019INRA en mati\u00e8re d\u2019arboriculture fruiti\u00e8re. La visite du stand \u00ab Produits d\u00e9riv\u00e9s de l\u2019arboriculture fruiti\u00e8re \u00bb qui a offert la d\u00e9gustation de produits transform\u00e9s (jus, sirops, g\u00e2teaux\u2026) issus de la figue \u00e0 faible valeur ajout\u00e9e, d\u00e9velopp\u00e9s par le laboratoire de technologie alimentaire du CRRA Mekn\u00e8s, a constitu\u00e9 un autre moment fort de cette journ\u00e9e.<\/p>\n<p>La discussion franche et ouverte engag\u00e9e en l\u2019occasion et \u00e0 laquelle plusieurs participantEs se sont ralli\u00e9s s\u2019est focalis\u00e9 sur l\u2019analyse des diff\u00e9rents enjeux auxquels est confront\u00e9e la fili\u00e8re Arboriculture fruiti\u00e8re tant et sur l\u2019opportunit\u00e9 de renforcement de la collaboration entre acteurs pour y faire face.<\/p>\n<div id=\"attachment_2322\" style=\"width: 3194px\" class=\"wp-caption alignright\"><a href=\"http:\/\/inrameknes.info\/wp-content\/uploads\/2018\/10\/ParticipantEs.jpg\"><img loading=\"lazy\" decoding=\"async\" aria-describedby=\"caption-attachment-2322\" class=\"size-full wp-image-2322\" src=\"http:\/\/inrameknes.info\/wp-content\/uploads\/2018\/10\/ParticipantEs.jpg\" alt=\"Vue d'un partie des participantEs\" width=\"3184\" height=\"1412\" srcset=\"http:\/\/inrameknes.info\/wp-content\/uploads\/2018\/10\/ParticipantEs.jpg 3184w, http:\/\/inrameknes.info\/wp-content\/uploads\/2018\/10\/ParticipantEs-300x133.jpg 300w, http:\/\/inrameknes.info\/wp-content\/uploads\/2018\/10\/ParticipantEs-1024x454.jpg 1024w\" sizes=\"auto, (max-width: 3184px) 100vw, 3184px\" \/><\/a><p id=\"caption-attachment-2322\" class=\"wp-caption-text\">Vue d&rsquo;un partie des participantEs<\/p><\/div>\n<p><a href=\"http:\/\/inrameknes.info\/wp-content\/uploads\/2018\/10\/Brochure-du-s\u00e9minaire-pr\u00e9sentation-et-programme.pdf\">Brochure du s\u00e9minaire (pr\u00e9sentation et programme)<\/a><\/p>\n","protected":false},"excerpt":{"rendered":"<p>Le s\u00e9minaire \u00ab Acquis et strat\u00e9gie de recherche pour une fili\u00e8re arboricole performante et durable \u00bb a \u00e9t\u00e9 organis\u00e9 par le Centre R\u00e9gional de la Recherche Agronomique de Mekn\u00e8s le jeudi 11 octobre 2018 au Qualipole Alimentation de Mekn\u00e8s. La &hellip; <a href=\"http:\/\/inrameknes.info\/?p=2315\">Continuer la lecture <span class=\"meta-nav\">&rarr;<\/span><\/a><\/p>\n","protected":false},"author":1,"featured_media":0,"comment_status":"closed","ping_status":"closed","sticky":false,"template":"","format":"standard","meta":{"footnotes":""},"categories":[82],"tags":[836,287,429,520],"class_list":["post-2315","post","type-post","status-publish","format-standard","hentry","category-seminaires","tag-arboriculture-fruitiere","tag-qualipole","tag-seminaire","tag-seminaire-scientifique"],"_links":{"self":[{"href":"http:\/\/inrameknes.info\/index.php?rest_route=\/wp\/v2\/posts\/2315","targetHints":{"allow":["GET"]}}],"collection":[{"href":"http:\/\/inrameknes.info\/index.php?rest_route=\/wp\/v2\/posts"}],"about":[{"href":"http:\/\/inrameknes.info\/index.php?rest_route=\/wp\/v2\/types\/post"}],"author":[{"embeddable":true,"href":"http:\/\/inrameknes.info\/index.php?rest_route=\/wp\/v2\/users\/1"}],"replies":[{"embeddable":true,"href":"http:\/\/inrameknes.info\/index.php?rest_route=%2Fwp%2Fv2%2Fcomments&post=2315"}],"version-history":[{"count":4,"href":"http:\/\/inrameknes.info\/index.php?rest_route=\/wp\/v2\/posts\/2315\/revisions"}],"predecessor-version":[{"id":2326,"href":"http:\/\/inrameknes.info\/index.php?rest_route=\/wp\/v2\/posts\/2315\/revisions\/2326"}],"wp:attachment":[{"href":"http:\/\/inrameknes.info\/index.php?rest_route=%2Fwp%2Fv2%2Fmedia&parent=2315"}],"wp:term":[{"taxonomy":"category","embeddable":true,"href":"http:\/\/inrameknes.info\/index.php?rest_route=%2Fwp%2Fv2%2Fcategories&post=2315"},{"taxonomy":"post_tag","embeddable":true,"href":"http:\/\/inrameknes.info\/index.php?rest_route=%2Fwp%2Fv2%2Ftags&post=2315"}],"curies":[{"name":"wp","href":"https:\/\/api.w.org\/{rel}","templated":true}]}}