{"id":2219,"date":"2018-07-09T15:30:32","date_gmt":"2018-07-09T14:30:32","guid":{"rendered":"http:\/\/inrameknes.info\/?p=2219"},"modified":"2018-07-09T15:31:38","modified_gmt":"2018-07-09T14:31:38","slug":"atelier-de-travail-du-projet-mediterraneen-semiarid-pour-lamelioration-de-la-resilience-de-lagriculture-par-lirrigation-et-la-diversification","status":"publish","type":"post","link":"http:\/\/inrameknes.info\/?p=2219","title":{"rendered":"Atelier de travail du projet m\u00e9diterran\u00e9en \u00abSEMIARID\u00bb pour l\u2019am\u00e9lioration de la r\u00e9silience de l&rsquo;agriculture par l&rsquo;irrigation et la diversification"},"content":{"rendered":"<div id=\"attachment_2220\" style=\"width: 610px\" class=\"wp-caption aligncenter\"><a href=\"http:\/\/inrameknes.info\/wp-content\/uploads\/2018\/07\/Les-participantEs-\u00e0-latelier.jpg\"><img loading=\"lazy\" decoding=\"async\" aria-describedby=\"caption-attachment-2220\" class=\"size-full wp-image-2220\" src=\"http:\/\/inrameknes.info\/wp-content\/uploads\/2018\/07\/Les-participantEs-\u00e0-latelier.jpg\" alt=\"Les participantEs \u00e0 l'atelier du projet SEMIARID, Mekn\u00e8s le 05 juillet 2018\" width=\"600\" height=\"253\" srcset=\"http:\/\/inrameknes.info\/wp-content\/uploads\/2018\/07\/Les-participantEs-\u00e0-latelier.jpg 600w, http:\/\/inrameknes.info\/wp-content\/uploads\/2018\/07\/Les-participantEs-\u00e0-latelier-300x126.jpg 300w\" sizes=\"auto, (max-width: 600px) 100vw, 600px\" \/><\/a><p id=\"caption-attachment-2220\" class=\"wp-caption-text\">Les participantEs \u00e0 l&rsquo;atelier du projet SEMIARID, Mekn\u00e8s le 05 juillet 2018<\/p><\/div>\n<p>Le si\u00e8ge de l\u2019INRA Mekn\u00e8s au sein du Qualipole Alimentation de Mekn\u00e8s a h\u00e9berg\u00e9 jeudi dernier 05 juillet 2018 l\u2019atelier de travail organis\u00e9 dans le cadre du projet de recherche SEMIARID \u00ab Sustainable and Efficient Mediterranean farming systems : Improving Agriculture Resilience through Irrigation and Diversification \u00bb.<\/p>\n<p>Dr Abderrahim Benta\u00efbi, Chef du Centre, qui a pr\u00e9sid\u00e9 cette manifestation a tenu \u00e0 remercier les partenaires du projet pour la pertinence de leurs travaux de recherche et pour le cadrage de cet atelier de travail qui vise \u00e0 (i) Identifier les principaux facteurs de changement pouvant affecter les syst\u00e8mes de production au niveau de la plaine de Sa\u00efs et (ii) Elaborer et \u00e9valuer les sc\u00e9narios pour des syst\u00e8mes agricoles plus durables selon une d\u00e9marche participative et concert\u00e9e.<!--more--><\/p>\n<div id=\"attachment_2221\" style=\"width: 610px\" class=\"wp-caption aligncenter\"><a href=\"http:\/\/inrameknes.info\/wp-content\/uploads\/2018\/07\/Atelier.jpg\"><img loading=\"lazy\" decoding=\"async\" aria-describedby=\"caption-attachment-2221\" class=\"size-full wp-image-2221\" src=\"http:\/\/inrameknes.info\/wp-content\/uploads\/2018\/07\/Atelier.jpg\" alt=\"Dr Abderrahim Benta\u00efbi, Chef du CRRA Mekn\u00e8s, \u00e0 l'ouverture de l'atelier\" width=\"600\" height=\"262\" srcset=\"http:\/\/inrameknes.info\/wp-content\/uploads\/2018\/07\/Atelier.jpg 600w, http:\/\/inrameknes.info\/wp-content\/uploads\/2018\/07\/Atelier-300x131.jpg 300w\" sizes=\"auto, (max-width: 600px) 100vw, 600px\" \/><\/a><p id=\"caption-attachment-2221\" class=\"wp-caption-text\">Dr Abderrahim Benta\u00efbi, Chef du CRRA Mekn\u00e8s, \u00e0 l&rsquo;ouverture de l&rsquo;atelier<\/p><\/div>\n<p>Plusieurs chercheurSEs de la r\u00e9gion m\u00e9diterran\u00e9enne contribuent \u00e0 cette initiative qui a pour but d\u2019\u00e9valuer la r\u00e9silience des syst\u00e8mes de production agricoles m\u00e9diterran\u00e9ens face aux \u00e9ventuels changements climatiques et socio\u00e9conomiques. Il s\u2019agit, en plus du Dr <a href=\"https:\/\/www.researchgate.net\/profile\/Fadlaoui_Aziz\" target=\"_blank\">Abdelaziz Fadlaoui <\/a>de l\u2019INRA Mekn\u00e8s de chercheurSEs du Centre international de hautes \u00e9tudes agronomiques m\u00e9diterran\u00e9ennes, de l\u2019Institut agronomique m\u00e9diterran\u00e9en de Montpellier (<a href=\"https:\/\/www.ird.fr\/les-partenariats\/principaux-partenaires-scientifiques\/tutelles-des-unites-de-recherche-de-l-ird\/iamm\" target=\"_blank\">CIHEAM-IAMM<\/a>), de l\u2019Institut agronomique et v\u00e9t\u00e9rinaire Hassan II (<a href=\"www.iav.ac.ma\/\" target=\"_blank\">IAV Hassan II<\/a>), de l\u2019Institut national de la recherche agronomique (<a href=\"www.inra.fr\/\" target=\"_blank\">INRA France<\/a>), de l\u2019Ecole nationale sup\u00e9rieure agronomique (<a href=\"www.ensa.dz\/\" target=\"_blank\">ENSA Alg\u00e9rie<\/a>) et du Centre de coop\u00e9ration internationale en recherche agronomique pour le d\u00e9veloppement (<a href=\"https:\/\/www.cirad.fr\/\" target=\"_blank\">CIRAD<\/a>).<\/p>\n<p>Le projet SEMIARID s\u2019appuie sur la mod\u00e9lisation bio\u00e9conomique afin de capturer les d\u00e9cisions de production et de consommation des m\u00e9nages agricoles et les aspects environnementaux de l&rsquo;activit\u00e9 agricole, d\u2019une part, et d&rsquo;identifier les leviers d&rsquo;action possibles pour am\u00e9liorer leurs performances, d\u2019autre part. Au Maroc, la plaine du Sa\u00efs a \u00e9t\u00e9 retenue comme site dans le cadre de ce projet.<\/p>\n","protected":false},"excerpt":{"rendered":"<p>Le si\u00e8ge de l\u2019INRA Mekn\u00e8s au sein du Qualipole Alimentation de Mekn\u00e8s a h\u00e9berg\u00e9 jeudi dernier 05 juillet 2018 l\u2019atelier de travail organis\u00e9 dans le cadre du projet de recherche SEMIARID \u00ab Sustainable and Efficient Mediterranean farming systems : Improving &hellip; <a href=\"http:\/\/inrameknes.info\/?p=2219\">Continuer la lecture <span class=\"meta-nav\">&rarr;<\/span><\/a><\/p>\n","protected":false},"author":1,"featured_media":0,"comment_status":"closed","ping_status":"closed","sticky":false,"template":"","format":"standard","meta":{"footnotes":""},"categories":[82],"tags":[526,56,530,529,531,528,527,287,525],"class_list":["post-2219","post","type-post","status-publish","format-standard","hentry","category-seminaires","tag-agriculture-resiliente","tag-changement-climatique","tag-ciheam","tag-cirad","tag-ensa-algerie","tag-inra-france","tag-projet-mediterraneen","tag-qualipole","tag-semiarid"],"_links":{"self":[{"href":"http:\/\/inrameknes.info\/index.php?rest_route=\/wp\/v2\/posts\/2219","targetHints":{"allow":["GET"]}}],"collection":[{"href":"http:\/\/inrameknes.info\/index.php?rest_route=\/wp\/v2\/posts"}],"about":[{"href":"http:\/\/inrameknes.info\/index.php?rest_route=\/wp\/v2\/types\/post"}],"author":[{"embeddable":true,"href":"http:\/\/inrameknes.info\/index.php?rest_route=\/wp\/v2\/users\/1"}],"replies":[{"embeddable":true,"href":"http:\/\/inrameknes.info\/index.php?rest_route=%2Fwp%2Fv2%2Fcomments&post=2219"}],"version-history":[{"count":2,"href":"http:\/\/inrameknes.info\/index.php?rest_route=\/wp\/v2\/posts\/2219\/revisions"}],"predecessor-version":[{"id":2223,"href":"http:\/\/inrameknes.info\/index.php?rest_route=\/wp\/v2\/posts\/2219\/revisions\/2223"}],"wp:attachment":[{"href":"http:\/\/inrameknes.info\/index.php?rest_route=%2Fwp%2Fv2%2Fmedia&parent=2219"}],"wp:term":[{"taxonomy":"category","embeddable":true,"href":"http:\/\/inrameknes.info\/index.php?rest_route=%2Fwp%2Fv2%2Fcategories&post=2219"},{"taxonomy":"post_tag","embeddable":true,"href":"http:\/\/inrameknes.info\/index.php?rest_route=%2Fwp%2Fv2%2Ftags&post=2219"}],"curies":[{"name":"wp","href":"https:\/\/api.w.org\/{rel}","templated":true}]}}