{"id":218,"date":"2014-06-04T13:00:35","date_gmt":"2014-06-04T12:00:35","guid":{"rendered":"http:\/\/inrameknes.info\/?p=218"},"modified":"2014-06-05T16:07:34","modified_gmt":"2014-06-05T15:07:34","slug":"linra-meknes-a-la-foire-regionale-des-produits-agricoles-de-taza","status":"publish","type":"post","link":"http:\/\/inrameknes.info\/?p=218","title":{"rendered":"L\u2019INRA Mekn\u00e8s \u00e0 la foire r\u00e9gionale des produits agricoles de Taza"},"content":{"rendered":"<div id=\"attachment_219\" style=\"width: 310px\" class=\"wp-caption alignleft\"><a href=\"http:\/\/inrameknes.info\/wp-content\/uploads\/2014\/06\/Mr-Ali-Mamouni-animant-le-stand-INRA-Taza-29-mai-2014.jpg\"><img loading=\"lazy\" decoding=\"async\" aria-describedby=\"caption-attachment-219\" class=\"size-medium wp-image-219\" src=\"http:\/\/inrameknes.info\/wp-content\/uploads\/2014\/06\/Mr-Ali-Mamouni-animant-le-stand-INRA-Taza-29-mai-2014-300x225.jpg\" alt=\"Mr Ali Mamouni anime le stand INRA Mekn\u00e8s - Taza 29 mai 2014\" width=\"300\" height=\"225\" srcset=\"http:\/\/inrameknes.info\/wp-content\/uploads\/2014\/06\/Mr-Ali-Mamouni-animant-le-stand-INRA-Taza-29-mai-2014-300x225.jpg 300w, http:\/\/inrameknes.info\/wp-content\/uploads\/2014\/06\/Mr-Ali-Mamouni-animant-le-stand-INRA-Taza-29-mai-2014.jpg 600w\" sizes=\"auto, (max-width: 300px) 100vw, 300px\" \/><\/a><p id=\"caption-attachment-219\" class=\"wp-caption-text\">Mr Ali Mamouni anime le stand INRA Mekn\u00e8s &#8211; Taza 29 mai 2014<\/p><\/div>\n<p>Organis\u00e9e \u00e0 l\u2019initiative de la Chambre d\u2019Agriculture de la R\u00e9gion Taza-Taounate-Al Hoceima, une foire r\u00e9gionale des produits agricoles a eue lieu \u00e0 Taza entre le 29 mai et le 1<sup>er<\/sup> juin 2014.<\/p>\n<p>Mr Ali Mamouni, Chef du SRD du Centre R\u00e9gional de la Recherche Agronomique de Mekn\u00e8s, y a repr\u00e9sent\u00e9 l\u2019INRA notamment lors de la s\u00e9ance d\u2019ouverture de cette manifestation pr\u00e9sid\u00e9e par le Gouverneur de la Province de Taza.<\/p>\n<p>La marquante contribution de la recherche agronomique de Mekn\u00e8s au programme de cette foire r\u00e9gionale a consist\u00e9 en l\u2019animation d\u2019un stand INRA pr\u00e9sentant les activit\u00e9s et produits de recherche ainsi qu\u2019en une intervention donn\u00e9e par Mme Amal Hadiddou au sujet des \u00ab\u00a0Techniques de production d\u2019une huile d\u2019olive de qualit\u00e9\u00a0: du verger \u00e0 l\u2019unit\u00e9 de trituration\u00a0\u00bb.<\/p>\n","protected":false},"excerpt":{"rendered":"<p>Organis\u00e9e \u00e0 l\u2019initiative de la Chambre d\u2019Agriculture de la R\u00e9gion Taza-Taounate-Al Hoceima, une foire r\u00e9gionale des produits agricoles a eue lieu \u00e0 Taza entre le 29 mai et le 1er juin 2014. Mr Ali Mamouni, Chef du SRD du Centre &hellip; <a href=\"http:\/\/inrameknes.info\/?p=218\">Continuer la lecture <span class=\"meta-nav\">&rarr;<\/span><\/a><\/p>\n","protected":false},"author":1,"featured_media":0,"comment_status":"closed","ping_status":"closed","sticky":false,"template":"","format":"standard","meta":{"footnotes":""},"categories":[11],"tags":[18,12,16,17],"class_list":["post-218","post","type-post","status-publish","format-standard","hentry","category-actualites","tag-chambre-dagriculture-taza-taounate-al-hoceima","tag-inra","tag-inra-me","tag-taza"],"_links":{"self":[{"href":"http:\/\/inrameknes.info\/index.php?rest_route=\/wp\/v2\/posts\/218","targetHints":{"allow":["GET"]}}],"collection":[{"href":"http:\/\/inrameknes.info\/index.php?rest_route=\/wp\/v2\/posts"}],"about":[{"href":"http:\/\/inrameknes.info\/index.php?rest_route=\/wp\/v2\/types\/post"}],"author":[{"embeddable":true,"href":"http:\/\/inrameknes.info\/index.php?rest_route=\/wp\/v2\/users\/1"}],"replies":[{"embeddable":true,"href":"http:\/\/inrameknes.info\/index.php?rest_route=%2Fwp%2Fv2%2Fcomments&post=218"}],"version-history":[{"count":2,"href":"http:\/\/inrameknes.info\/index.php?rest_route=\/wp\/v2\/posts\/218\/revisions"}],"predecessor-version":[{"id":223,"href":"http:\/\/inrameknes.info\/index.php?rest_route=\/wp\/v2\/posts\/218\/revisions\/223"}],"wp:attachment":[{"href":"http:\/\/inrameknes.info\/index.php?rest_route=%2Fwp%2Fv2%2Fmedia&parent=218"}],"wp:term":[{"taxonomy":"category","embeddable":true,"href":"http:\/\/inrameknes.info\/index.php?rest_route=%2Fwp%2Fv2%2Fcategories&post=218"},{"taxonomy":"post_tag","embeddable":true,"href":"http:\/\/inrameknes.info\/index.php?rest_route=%2Fwp%2Fv2%2Ftags&post=218"}],"curies":[{"name":"wp","href":"https:\/\/api.w.org\/{rel}","templated":true}]}}