{"id":2048,"date":"2018-04-18T10:38:01","date_gmt":"2018-04-18T09:38:01","guid":{"rendered":"http:\/\/inrameknes.info\/?p=2048"},"modified":"2018-04-18T10:41:24","modified_gmt":"2018-04-18T09:41:24","slug":"le-crra-meknes-participe-a-la-journee-sur-le-secteur-agricole-de-la-province-difrane","status":"publish","type":"post","link":"http:\/\/inrameknes.info\/?p=2048","title":{"rendered":"Le CRRA Mekn\u00e8s participe \u00e0 la journ\u00e9e sur le secteur agricole de la Province d\u2019Ifrane"},"content":{"rendered":"<div id=\"attachment_2052\" style=\"width: 610px\" class=\"wp-caption aligncenter\"><a href=\"http:\/\/inrameknes.info\/wp-content\/uploads\/2018\/04\/5.jpg\"><img loading=\"lazy\" decoding=\"async\" aria-describedby=\"caption-attachment-2052\" class=\"wp-image-2052 size-full\" src=\"http:\/\/inrameknes.info\/wp-content\/uploads\/2018\/04\/5.jpg\" alt=\"Pr\u00e9sidence de la Journ\u00e9e de communication sur le secteur agricole dans la Province d\u2019Ifrane (Ifrane le 11 avril 2018)\" width=\"600\" height=\"225\" srcset=\"http:\/\/inrameknes.info\/wp-content\/uploads\/2018\/04\/5.jpg 600w, http:\/\/inrameknes.info\/wp-content\/uploads\/2018\/04\/5-300x112.jpg 300w\" sizes=\"auto, (max-width: 600px) 100vw, 600px\" \/><\/a><p id=\"caption-attachment-2052\" class=\"wp-caption-text\">Pr\u00e9sidence de la Journ\u00e9e de communication sur le secteur agricole dans la Province d\u2019Ifrane (Ifrane le 11 avril 2018)<\/p><\/div>\n<p>Le CRRA Mekn\u00e8s a particip\u00e9 \u00e0 l\u2019animation scientifique de la Journ\u00e9e de communication sur le secteur agricole dans la Province d\u2019Ifrane, organis\u00e9e le 11 avril 2018 \u00e0 Ifrane, par la Province d&rsquo;Ifrane en collaboration avec la DRA F\u00e8s-Mekn\u00e8s sou le th\u00e8me : Le d\u00e9veloppement du secteur agricole dans les zones montagneuses d\u00e9pend de la qualit\u00e9 et de la valorisation de la production.<\/p>\n<p>Les communications qui y ont \u00e9t\u00e9 donn\u00e9es par les chercheurs INRA Mekn\u00e8s sont les suivantes\u00a0:<\/p>\n<ul>\n<li>Arboriculture Fruiti\u00e8re : Quelques acquis de recherche et perspectives. Pr\u00e9sent\u00e9e Pr Dr. Jamal Charafi avec la collaboration de Dr Razouk Rachid, Dr Daoui Khalid et de Mr Mamouni Ali.<\/li>\n<li>L&rsquo;offre de l&rsquo;INRA en mati\u00e8re de vari\u00e9t\u00e9s de c\u00e9r\u00e9ales adapt\u00e9es aux zones de montagne. Pr\u00e9sent\u00e9e Par Dr Ferrahi Moha.<\/li>\n<\/ul>\n<p>La d\u00e9l\u00e9gation du CRRA Mekn\u00e8s \u00e0 cette manifestation a \u00e9t\u00e9 pr\u00e9sid\u00e9e par Dr Abderrahim Benta\u00efbi (Chef du Centre) avec la participation, en plus des deux orateurs, des Dr Razouk Rachid et Dr Daoui Khalid.<\/p>\n","protected":false},"excerpt":{"rendered":"<p>Le CRRA Mekn\u00e8s a particip\u00e9 \u00e0 l\u2019animation scientifique de la Journ\u00e9e de communication sur le secteur agricole dans la Province d\u2019Ifrane, organis\u00e9e le 11 avril 2018 \u00e0 Ifrane, par la Province d&rsquo;Ifrane en collaboration avec la DRA F\u00e8s-Mekn\u00e8s sou le &hellip; <a href=\"http:\/\/inrameknes.info\/?p=2048\">Continuer la lecture <span class=\"meta-nav\">&rarr;<\/span><\/a><\/p>\n","protected":false},"author":1,"featured_media":0,"comment_status":"closed","ping_status":"closed","sticky":false,"template":"","format":"standard","meta":{"footnotes":""},"categories":[82],"tags":[29,836,53,361,391],"class_list":["post-2048","post","type-post","status-publish","format-standard","hentry","category-seminaires","tag-agriculture-de-montagne","tag-arboriculture-fruitiere","tag-cereales","tag-dra-fes-meknes","tag-ifrane"],"_links":{"self":[{"href":"http:\/\/inrameknes.info\/index.php?rest_route=\/wp\/v2\/posts\/2048","targetHints":{"allow":["GET"]}}],"collection":[{"href":"http:\/\/inrameknes.info\/index.php?rest_route=\/wp\/v2\/posts"}],"about":[{"href":"http:\/\/inrameknes.info\/index.php?rest_route=\/wp\/v2\/types\/post"}],"author":[{"embeddable":true,"href":"http:\/\/inrameknes.info\/index.php?rest_route=\/wp\/v2\/users\/1"}],"replies":[{"embeddable":true,"href":"http:\/\/inrameknes.info\/index.php?rest_route=%2Fwp%2Fv2%2Fcomments&post=2048"}],"version-history":[{"count":6,"href":"http:\/\/inrameknes.info\/index.php?rest_route=\/wp\/v2\/posts\/2048\/revisions"}],"predecessor-version":[{"id":2055,"href":"http:\/\/inrameknes.info\/index.php?rest_route=\/wp\/v2\/posts\/2048\/revisions\/2055"}],"wp:attachment":[{"href":"http:\/\/inrameknes.info\/index.php?rest_route=%2Fwp%2Fv2%2Fmedia&parent=2048"}],"wp:term":[{"taxonomy":"category","embeddable":true,"href":"http:\/\/inrameknes.info\/index.php?rest_route=%2Fwp%2Fv2%2Fcategories&post=2048"},{"taxonomy":"post_tag","embeddable":true,"href":"http:\/\/inrameknes.info\/index.php?rest_route=%2Fwp%2Fv2%2Ftags&post=2048"}],"curies":[{"name":"wp","href":"https:\/\/api.w.org\/{rel}","templated":true}]}}