{"id":1708,"date":"2017-07-06T10:03:26","date_gmt":"2017-07-06T09:03:26","guid":{"rendered":"http:\/\/inrameknes.info\/?p=1708"},"modified":"2017-07-06T10:08:09","modified_gmt":"2017-07-06T09:08:09","slug":"developpement-de-projet-de-cooperation-scientifique-maroco-allemande","status":"publish","type":"post","link":"http:\/\/inrameknes.info\/?p=1708","title":{"rendered":"D\u00e9veloppement de projet de coop\u00e9ration scientifique maroco-allemande"},"content":{"rendered":"<p>Le Centre r\u00e9gional de la recherche agronomique de Mekn\u00e8s a \u00e9t\u00e9 le si\u00e8ge, ce mardi 04 juillet 2017, d\u2019une r\u00e9union entre\u00a0 des chercheurs de l\u2019Institut FIW d\u2019Aachen de l\u2019Universit\u00e9 de Bonn, des enseignants chercheurs de l\u2019Universit\u00e9 Moulay Isma\u00efl de Mekn\u00e8s et des chercheurs du CRRA Mekn\u00e8s. Cette rencontre a constitu\u00e9 un espace d\u2019\u00e9change au sujet des opportunit\u00e9s d\u2019\u00e9laboration d\u2019un projet de recherche collaborative maroco-allemande, \u00e0 long terme, dans le domaine du d\u00e9veloppement durable de l\u2019environnement \u00e0 travers la gestion durable des d\u00e9chets (margines, boues\u2026) et en particulier leur utilisation en agriculture.<\/p>\n<p>Les discussions ont fait ressortir plusieurs axes d\u2019\u00e9ventuelle contribution des chercheurs du CRRA Mekn\u00e8s \u00e0 cette initiative qui seront int\u00e9gr\u00e9s au document de pr\u00e8s-projet \u00e0\u00a0produire tr\u00e8s prochainement.<\/p>\n<p>La d\u00e9l\u00e9gation FIW-UMI, accompagn\u00e9e de chercheurs INRA Mekn\u00e8s, a ensuite r\u00e9alis\u00e9, \u00e0 sa demande, une visite au Domaine Exp\u00e9rimental de A\u00efn Taoujdate.<\/p>\n<p>Les chercheurs du CRRA Mekn\u00e8s ayant pris part \u00e0 cette r\u00e9union sont : Dr A. Nabloussi, Dr A. Kajji, Dr K Daoui et Dr R Razouk.<\/p>\n","protected":false},"excerpt":{"rendered":"<p>Le Centre r\u00e9gional de la recherche agronomique de Mekn\u00e8s a \u00e9t\u00e9 le si\u00e8ge, ce mardi 04 juillet 2017, d\u2019une r\u00e9union entre\u00a0 des chercheurs de l\u2019Institut FIW d\u2019Aachen de l\u2019Universit\u00e9 de Bonn, des enseignants chercheurs de l\u2019Universit\u00e9 Moulay Isma\u00efl de Mekn\u00e8s &hellip; <a href=\"http:\/\/inrameknes.info\/?p=1708\">Continuer la lecture <span class=\"meta-nav\">&rarr;<\/span><\/a><\/p>\n","protected":false},"author":1,"featured_media":0,"comment_status":"closed","ping_status":"closed","sticky":false,"template":"","format":"standard","meta":{"footnotes":""},"categories":[11,116],"tags":[93,109,460,66,371,146,845,95],"class_list":["post-1708","post","type-post","status-publish","format-standard","hentry","category-actualites","category-visite","tag-allemagne","tag-daoui","tag-dechets","tag-environnement","tag-kajji","tag-nabloussi","tag-razouk","tag-universite-moulay-isamail-de-meknes"],"_links":{"self":[{"href":"http:\/\/inrameknes.info\/index.php?rest_route=\/wp\/v2\/posts\/1708","targetHints":{"allow":["GET"]}}],"collection":[{"href":"http:\/\/inrameknes.info\/index.php?rest_route=\/wp\/v2\/posts"}],"about":[{"href":"http:\/\/inrameknes.info\/index.php?rest_route=\/wp\/v2\/types\/post"}],"author":[{"embeddable":true,"href":"http:\/\/inrameknes.info\/index.php?rest_route=\/wp\/v2\/users\/1"}],"replies":[{"embeddable":true,"href":"http:\/\/inrameknes.info\/index.php?rest_route=%2Fwp%2Fv2%2Fcomments&post=1708"}],"version-history":[{"count":5,"href":"http:\/\/inrameknes.info\/index.php?rest_route=\/wp\/v2\/posts\/1708\/revisions"}],"predecessor-version":[{"id":1713,"href":"http:\/\/inrameknes.info\/index.php?rest_route=\/wp\/v2\/posts\/1708\/revisions\/1713"}],"wp:attachment":[{"href":"http:\/\/inrameknes.info\/index.php?rest_route=%2Fwp%2Fv2%2Fmedia&parent=1708"}],"wp:term":[{"taxonomy":"category","embeddable":true,"href":"http:\/\/inrameknes.info\/index.php?rest_route=%2Fwp%2Fv2%2Fcategories&post=1708"},{"taxonomy":"post_tag","embeddable":true,"href":"http:\/\/inrameknes.info\/index.php?rest_route=%2Fwp%2Fv2%2Ftags&post=1708"}],"curies":[{"name":"wp","href":"https:\/\/api.w.org\/{rel}","templated":true}]}}