{"id":1611,"date":"2017-05-23T13:24:44","date_gmt":"2017-05-23T12:24:44","guid":{"rendered":"http:\/\/inrameknes.info\/?p=1611"},"modified":"2017-05-23T13:24:44","modified_gmt":"2017-05-23T12:24:44","slug":"participation-du-crra-meknes-au-village-itinerant-du-conseil-agricole-de-la-region-fes-meknes","status":"publish","type":"post","link":"http:\/\/inrameknes.info\/?p=1611","title":{"rendered":"Participation du CRRA Mekn\u00e8s au Village itin\u00e9rant du Conseil Agricole de la R\u00e9gion F\u00e8s-Mekn\u00e8s"},"content":{"rendered":"<p><a href=\"http:\/\/inrameknes.info\/wp-content\/uploads\/2017\/05\/Village-itin\u00e9rant-ONCA.jpg\"><img loading=\"lazy\" decoding=\"async\" class=\"alignleft wp-image-1617 size-full\" src=\"http:\/\/inrameknes.info\/wp-content\/uploads\/2017\/05\/Village-itin\u00e9rant-ONCA.jpg\" alt=\"\" width=\"600\" height=\"362\" srcset=\"http:\/\/inrameknes.info\/wp-content\/uploads\/2017\/05\/Village-itin\u00e9rant-ONCA.jpg 600w, http:\/\/inrameknes.info\/wp-content\/uploads\/2017\/05\/Village-itin\u00e9rant-ONCA-300x181.jpg 300w\" sizes=\"auto, (max-width: 600px) 100vw, 600px\" \/><\/a>Le CRRA Mekn\u00e8s a activement contribu\u00e9 \u00e0 l\u2019animation du Village Itin\u00e9rant du Conseil Agricole de la R\u00e9gion F\u00e8s-Mekn\u00e8s organis\u00e9 par l\u2019ONCA les 22 et 23 mai 2017 \u00e0 la Commune Rurale de Matmata (Province de Taza). En plus du stand INRA d\u00e9ploy\u00e9 au sein du village, Mr Abderrahim Essahat (SRD &#8211; CRRA Mekn\u00e8s) y a donn\u00e9 une communication au sujet de l\u2019agriculture de conservation.<\/p>\n<p>Le stand INRA a de m\u00eame re\u00e7u la visite de la d\u00e9l\u00e9gation officielle \u00e0 cet \u00e9v\u00e8nement conduite par Mr le Gouverneur de la province de Taza, Mme la Directrice de l&rsquo;ONCA et Mr le Directeur R\u00e9gional de l&rsquo;Agriculture de F\u00e8s-Mekn\u00e8s et d&rsquo;autres personnalit\u00e9s.<\/p>\n<div id=\"attachment_1612\" style=\"width: 610px\" class=\"wp-caption alignright\"><a href=\"http:\/\/inrameknes.info\/wp-content\/uploads\/2017\/05\/Visite-de-la-d\u00e9l\u00e9gation-officielle-au-stan-INRA.jpg\"><img loading=\"lazy\" decoding=\"async\" aria-describedby=\"caption-attachment-1612\" class=\"size-full wp-image-1612\" src=\"http:\/\/inrameknes.info\/wp-content\/uploads\/2017\/05\/Visite-de-la-d\u00e9l\u00e9gation-officielle-au-stan-INRA.jpg\" alt=\"Visite de la d\u00e9l\u00e9gation officielle au stand INRA au Village itin\u00e9rant du conseil agricole, Matmata 22 mai 2017\" width=\"600\" height=\"294\" srcset=\"http:\/\/inrameknes.info\/wp-content\/uploads\/2017\/05\/Visite-de-la-d\u00e9l\u00e9gation-officielle-au-stan-INRA.jpg 600w, http:\/\/inrameknes.info\/wp-content\/uploads\/2017\/05\/Visite-de-la-d\u00e9l\u00e9gation-officielle-au-stan-INRA-300x147.jpg 300w\" sizes=\"auto, (max-width: 600px) 100vw, 600px\" \/><\/a><p id=\"caption-attachment-1612\" class=\"wp-caption-text\">Visite de la d\u00e9l\u00e9gation officielle au stand INRA au Village itin\u00e9rant du conseil agricole, Matmata 22 mai 2017<\/p><\/div>\n<p>Cette manifestation qui s\u2019ins\u00e8re dans le cadre de la nouvelle strat\u00e9gie nationale du conseil agricole vise notamment la mise en valeur des potentialit\u00e9s r\u00e9gionales en mati\u00e8re de conseil et de formation agricoles et la cr\u00e9ation d\u2019un espace collaboratif de transfert de technologie au profit des agriculteurs, des organisations professionnelles et de l\u2019Interprofession.<\/p>\n<div id=\"attachment_1614\" style=\"width: 610px\" class=\"wp-caption alignright\"><a href=\"http:\/\/inrameknes.info\/wp-content\/uploads\/2017\/05\/Stand-INRA.jpg\"><img loading=\"lazy\" decoding=\"async\" aria-describedby=\"caption-attachment-1614\" class=\"size-full wp-image-1614\" src=\"http:\/\/inrameknes.info\/wp-content\/uploads\/2017\/05\/Stand-INRA.jpg\" alt=\"Stand INRA\" width=\"600\" height=\"302\" srcset=\"http:\/\/inrameknes.info\/wp-content\/uploads\/2017\/05\/Stand-INRA.jpg 600w, http:\/\/inrameknes.info\/wp-content\/uploads\/2017\/05\/Stand-INRA-300x151.jpg 300w\" sizes=\"auto, (max-width: 600px) 100vw, 600px\" \/><\/a><p id=\"caption-attachment-1614\" class=\"wp-caption-text\">Stand INRA<\/p><\/div>\n<p>&nbsp;<\/p>\n","protected":false},"excerpt":{"rendered":"<p>Le CRRA Mekn\u00e8s a activement contribu\u00e9 \u00e0 l\u2019animation du Village Itin\u00e9rant du Conseil Agricole de la R\u00e9gion F\u00e8s-Mekn\u00e8s organis\u00e9 par l\u2019ONCA les 22 et 23 mai 2017 \u00e0 la Commune Rurale de Matmata (Province de Taza). En plus du stand &hellip; <a href=\"http:\/\/inrameknes.info\/?p=1611\">Continuer la lecture <span class=\"meta-nav\">&rarr;<\/span><\/a><\/p>\n","protected":false},"author":1,"featured_media":0,"comment_status":"closed","ping_status":"closed","sticky":false,"template":"","format":"standard","meta":{"footnotes":""},"categories":[11],"tags":[132,134,843,133,338,17,442],"class_list":["post-1611","post","type-post","status-publish","format-standard","hentry","category-actualites","tag-agriculture-de-conservation","tag-conseil-agricole","tag-exposition","tag-onca","tag-onca-fes-meknes","tag-taza","tag-village-itinerant"],"_links":{"self":[{"href":"http:\/\/inrameknes.info\/index.php?rest_route=\/wp\/v2\/posts\/1611","targetHints":{"allow":["GET"]}}],"collection":[{"href":"http:\/\/inrameknes.info\/index.php?rest_route=\/wp\/v2\/posts"}],"about":[{"href":"http:\/\/inrameknes.info\/index.php?rest_route=\/wp\/v2\/types\/post"}],"author":[{"embeddable":true,"href":"http:\/\/inrameknes.info\/index.php?rest_route=\/wp\/v2\/users\/1"}],"replies":[{"embeddable":true,"href":"http:\/\/inrameknes.info\/index.php?rest_route=%2Fwp%2Fv2%2Fcomments&post=1611"}],"version-history":[{"count":5,"href":"http:\/\/inrameknes.info\/index.php?rest_route=\/wp\/v2\/posts\/1611\/revisions"}],"predecessor-version":[{"id":1619,"href":"http:\/\/inrameknes.info\/index.php?rest_route=\/wp\/v2\/posts\/1611\/revisions\/1619"}],"wp:attachment":[{"href":"http:\/\/inrameknes.info\/index.php?rest_route=%2Fwp%2Fv2%2Fmedia&parent=1611"}],"wp:term":[{"taxonomy":"category","embeddable":true,"href":"http:\/\/inrameknes.info\/index.php?rest_route=%2Fwp%2Fv2%2Fcategories&post=1611"},{"taxonomy":"post_tag","embeddable":true,"href":"http:\/\/inrameknes.info\/index.php?rest_route=%2Fwp%2Fv2%2Ftags&post=1611"}],"curies":[{"name":"wp","href":"https:\/\/api.w.org\/{rel}","templated":true}]}}