{"id":1495,"date":"2017-01-30T13:34:08","date_gmt":"2017-01-30T12:34:08","guid":{"rendered":"http:\/\/inrameknes.info\/?p=1495"},"modified":"2017-01-31T10:45:13","modified_gmt":"2017-01-31T09:45:13","slug":"preparation-de-la-strategie-de-recherche-en-arboriculture-fruitiere-pour-2017-2020","status":"publish","type":"post","link":"http:\/\/inrameknes.info\/?p=1495","title":{"rendered":"Pr\u00e9paration de la strat\u00e9gie de recherche en arboriculture fruiti\u00e8re pour 2017-2020"},"content":{"rendered":"<div id=\"attachment_1496\" style=\"width: 610px\" class=\"wp-caption alignleft\"><a href=\"http:\/\/inrameknes.info\/wp-content\/uploads\/2017\/01\/Atelier-Fili\u00e8re-Arboriculture-Fruiti\u00e8re-Mekn\u00e8s-27-janv-2017.jpg\"><img loading=\"lazy\" decoding=\"async\" aria-describedby=\"caption-attachment-1496\" class=\"wp-image-1496 size-full\" src=\"http:\/\/inrameknes.info\/wp-content\/uploads\/2017\/01\/Atelier-Fili\u00e8re-Arboriculture-Fruiti\u00e8re-Mekn\u00e8s-27-janv-2017.jpg\" alt=\"Atelier Fili\u00e8re Arboriculture Fruiti\u00e8re, Mekn\u00e8s 27 janv 2017\" width=\"600\" height=\"207\" \/><\/a><p id=\"caption-attachment-1496\" class=\"wp-caption-text\">Atelier Fili\u00e8re Arboriculture Fruiti\u00e8re, Mekn\u00e8s 27 janv 2017<\/p><\/div>\n<p>Dans le cadre de la pr\u00e9paration de la nouvelle strat\u00e9gie de recherche \u00e0 moyen terme de l\u2019INRA pour la p\u00e9riode 2017-2020, le CRRA Mekn\u00e8s a h\u00e9berg\u00e9 ce vendredi 27 janvier 2017 au si\u00e8ge de l\u2019INRA au sein du Qualipole Alimentation de Mekn\u00e8s, l\u2019atelier consacr\u00e9 aux recherches en arboriculture fruiti\u00e8re. Pr\u00e9sid\u00e9 par le Chef de la Division Scientifique de l\u2019INRA en pr\u00e9sence du Chef du CRRA Mekn\u00e8s et d\u2019autres responsables r\u00e9gionaux et centraux de l\u2019INRA, l\u2019atelier a observ\u00e9 la participation de chercheurs provenant des CRRA de Mekn\u00e8s, Tanger, Beni Mellal, Oujda et Settat.<\/p>\n<p>Plusieurs expos\u00e9s y ont \u00e9t\u00e9 donn\u00e9s pour la pr\u00e9sentation du secteur de l\u2019arboriculture fruiti\u00e8re au Maroc et pour rendre compte des acquis de recherche de l\u2019INRA pendant la p\u00e9riode \u00e9coul\u00e9e (2013-2016) ainsi qu\u2019au sujet des perspectives de recherches pour 2017-2020.<\/p>\n<p>Les principales recommandations \u00e9mises lors de cet atelier sont :<\/p>\n<ul>\n<li>La concentration de l\u2019effort de recherche autour de fili\u00e8res prioritaires dont essentiellement le figuier, l\u2019amandier, le caroubier, le grenadier, le pommier et la vigne.<\/li>\n<li>L\u2019\u00e9laboration d\u2019un seul projet de recherche \u00e0 moyen terme (PRMT) int\u00e9grant les diff\u00e9rents axes disciplinaires.<\/li>\n<\/ul>\n<p>&#8212;&#8212;&#8212;&#8212;&#8212;&#8212;&#8212;&#8212;&#8212;&#8212;&#8212;&#8212;&#8212;&#8212;&#8212;&#8212;&#8212;&#8212;&#8212;&#8212;-<\/p>\n<p>(Couverture pr\u00e9par\u00e9e en collaboration avec A. Mamouni et A. Kajji)<\/p>\n","protected":false},"excerpt":{"rendered":"<p>Dans le cadre de la pr\u00e9paration de la nouvelle strat\u00e9gie de recherche \u00e0 moyen terme de l\u2019INRA pour la p\u00e9riode 2017-2020, le CRRA Mekn\u00e8s a h\u00e9berg\u00e9 ce vendredi 27 janvier 2017 au si\u00e8ge de l\u2019INRA au sein du Qualipole Alimentation &hellip; <a href=\"http:\/\/inrameknes.info\/?p=1495\">Continuer la lecture <span class=\"meta-nav\">&rarr;<\/span><\/a><\/p>\n","protected":false},"author":1,"featured_media":0,"comment_status":"closed","ping_status":"closed","sticky":false,"template":"","format":"standard","meta":{"footnotes":""},"categories":[11],"tags":[836,420,257,421,287],"class_list":["post-1495","post","type-post","status-publish","format-standard","hentry","category-actualites","tag-arboriculture-fruitiere","tag-planification-de-la-recherche","tag-prmt-2013-16","tag-prmt-2017-20","tag-qualipole"],"_links":{"self":[{"href":"http:\/\/inrameknes.info\/index.php?rest_route=\/wp\/v2\/posts\/1495","targetHints":{"allow":["GET"]}}],"collection":[{"href":"http:\/\/inrameknes.info\/index.php?rest_route=\/wp\/v2\/posts"}],"about":[{"href":"http:\/\/inrameknes.info\/index.php?rest_route=\/wp\/v2\/types\/post"}],"author":[{"embeddable":true,"href":"http:\/\/inrameknes.info\/index.php?rest_route=\/wp\/v2\/users\/1"}],"replies":[{"embeddable":true,"href":"http:\/\/inrameknes.info\/index.php?rest_route=%2Fwp%2Fv2%2Fcomments&post=1495"}],"version-history":[{"count":9,"href":"http:\/\/inrameknes.info\/index.php?rest_route=\/wp\/v2\/posts\/1495\/revisions"}],"predecessor-version":[{"id":1503,"href":"http:\/\/inrameknes.info\/index.php?rest_route=\/wp\/v2\/posts\/1495\/revisions\/1503"}],"wp:attachment":[{"href":"http:\/\/inrameknes.info\/index.php?rest_route=%2Fwp%2Fv2%2Fmedia&parent=1495"}],"wp:term":[{"taxonomy":"category","embeddable":true,"href":"http:\/\/inrameknes.info\/index.php?rest_route=%2Fwp%2Fv2%2Fcategories&post=1495"},{"taxonomy":"post_tag","embeddable":true,"href":"http:\/\/inrameknes.info\/index.php?rest_route=%2Fwp%2Fv2%2Ftags&post=1495"}],"curies":[{"name":"wp","href":"https:\/\/api.w.org\/{rel}","templated":true}]}}