{"id":1399,"date":"2016-11-23T16:29:16","date_gmt":"2016-11-23T15:29:16","guid":{"rendered":"http:\/\/inrameknes.info\/?p=1399"},"modified":"2016-11-23T16:32:39","modified_gmt":"2016-11-23T15:32:39","slug":"visite-au-crra-meknes-des-etudiantes-de-la-fst-de-fes","status":"publish","type":"post","link":"http:\/\/inrameknes.info\/?p=1399","title":{"rendered":"Visite au CRRA Mekn\u00e8s des \u00e9tudiantEs de la FST de F\u00e8s"},"content":{"rendered":"<div id=\"attachment_1400\" style=\"width: 610px\" class=\"wp-caption aligncenter\"><a href=\"http:\/\/inrameknes.info\/wp-content\/uploads\/2016\/11\/Des-\u00e9tudiantEs-de-la-FST-F\u00e8s-au-laboratoire-de-technologie-alimentaire-INRA-Mekn\u00e8s-Qualipole-Alimentation-de-Mekn\u00e8s-22-sept-2016.jpg\"><img loading=\"lazy\" decoding=\"async\" aria-describedby=\"caption-attachment-1400\" class=\"size-full wp-image-1400\" src=\"http:\/\/inrameknes.info\/wp-content\/uploads\/2016\/11\/Des-\u00e9tudiantEs-de-la-FST-F\u00e8s-au-laboratoire-de-technologie-alimentaire-INRA-Mekn\u00e8s-Qualipole-Alimentation-de-Mekn\u00e8s-22-sept-2016.jpg\" alt=\"Des \u00e9tudiantes de la FST-F\u00e8s au laboratoire de technologie alimentaire INRA-Mekn\u00e8s au Qualipole Alimentation de Mekn\u00e8s, 22 sept. 2016\" width=\"600\" height=\"308\" srcset=\"http:\/\/inrameknes.info\/wp-content\/uploads\/2016\/11\/Des-\u00e9tudiantEs-de-la-FST-F\u00e8s-au-laboratoire-de-technologie-alimentaire-INRA-Mekn\u00e8s-Qualipole-Alimentation-de-Mekn\u00e8s-22-sept-2016.jpg 600w, http:\/\/inrameknes.info\/wp-content\/uploads\/2016\/11\/Des-\u00e9tudiantEs-de-la-FST-F\u00e8s-au-laboratoire-de-technologie-alimentaire-INRA-Mekn\u00e8s-Qualipole-Alimentation-de-Mekn\u00e8s-22-sept-2016-300x154.jpg 300w\" sizes=\"auto, (max-width: 600px) 100vw, 600px\" \/><\/a><p id=\"caption-attachment-1400\" class=\"wp-caption-text\">Des \u00e9tudiantEs de la FST-F\u00e8s au laboratoire de technologie alimentaire INRA-Mekn\u00e8s au Qualipole Alimentation de Mekn\u00e8s, 22 sept. 2016<\/p><\/div>\n<p>Le CRRA Mekn\u00e8s a re\u00e7u, ce mardi 22 novembre 2016, la visite des \u00e9tudiantEs de la troisi\u00e8me ann\u00e9e de la fili\u00e8re ing\u00e9nieur sp\u00e9cialis\u00e9 dans l\u2019industrie agroalimentaire \u00e0 la FST de F\u00e8s. Les visiteurs ont \u00e9t\u00e9 re\u00e7us au si\u00e8ge de l\u2019INRA au sein du Qualipole Alimentation de Mekn\u00e8s o\u00f9 ils ont suivi une pr\u00e9sentation du CRRA de Mekn\u00e8s et visit\u00e9 le laboratoire de technologie alimentaire et celui d\u2019analyses du sol-pante-eau.<\/p>\n<p>Le groupe d\u2019\u00e9tudiantEs, encadr\u00e9 par Pr Jamila Al Figuigui, a ensuite rendu visite aux Unit\u00e9s de recherche Am\u00e9lioration des Plantes et Conservation des Ressources Phytog\u00e9n\u00e9tiques et Agronomie et physiologie v\u00e9g\u00e9tales domicili\u00e9es au si\u00e8ge du CRRA Mekn\u00e8s.<\/p>\n","protected":false},"excerpt":{"rendered":"<p>Le CRRA Mekn\u00e8s a re\u00e7u, ce mardi 22 novembre 2016, la visite des \u00e9tudiantEs de la troisi\u00e8me ann\u00e9e de la fili\u00e8re ing\u00e9nieur sp\u00e9cialis\u00e9 dans l\u2019industrie agroalimentaire \u00e0 la FST de F\u00e8s. Les visiteurs ont \u00e9t\u00e9 re\u00e7us au si\u00e8ge de l\u2019INRA &hellip; <a href=\"http:\/\/inrameknes.info\/?p=1399\">Continuer la lecture <span class=\"meta-nav\">&rarr;<\/span><\/a><\/p>\n","protected":false},"author":1,"featured_media":0,"comment_status":"closed","ping_status":"closed","sticky":false,"template":"","format":"standard","meta":{"footnotes":""},"categories":[11,116],"tags":[278,287,839],"class_list":["post-1399","post","type-post","status-publish","format-standard","hentry","category-actualites","category-visite","tag-fst-fes","tag-qualipole","tag-visite"],"_links":{"self":[{"href":"http:\/\/inrameknes.info\/index.php?rest_route=\/wp\/v2\/posts\/1399","targetHints":{"allow":["GET"]}}],"collection":[{"href":"http:\/\/inrameknes.info\/index.php?rest_route=\/wp\/v2\/posts"}],"about":[{"href":"http:\/\/inrameknes.info\/index.php?rest_route=\/wp\/v2\/types\/post"}],"author":[{"embeddable":true,"href":"http:\/\/inrameknes.info\/index.php?rest_route=\/wp\/v2\/users\/1"}],"replies":[{"embeddable":true,"href":"http:\/\/inrameknes.info\/index.php?rest_route=%2Fwp%2Fv2%2Fcomments&post=1399"}],"version-history":[{"count":3,"href":"http:\/\/inrameknes.info\/index.php?rest_route=\/wp\/v2\/posts\/1399\/revisions"}],"predecessor-version":[{"id":1402,"href":"http:\/\/inrameknes.info\/index.php?rest_route=\/wp\/v2\/posts\/1399\/revisions\/1402"}],"wp:attachment":[{"href":"http:\/\/inrameknes.info\/index.php?rest_route=%2Fwp%2Fv2%2Fmedia&parent=1399"}],"wp:term":[{"taxonomy":"category","embeddable":true,"href":"http:\/\/inrameknes.info\/index.php?rest_route=%2Fwp%2Fv2%2Fcategories&post=1399"},{"taxonomy":"post_tag","embeddable":true,"href":"http:\/\/inrameknes.info\/index.php?rest_route=%2Fwp%2Fv2%2Ftags&post=1399"}],"curies":[{"name":"wp","href":"https:\/\/api.w.org\/{rel}","templated":true}]}}