{"id":1330,"date":"2016-08-19T11:09:12","date_gmt":"2016-08-19T10:09:12","guid":{"rendered":"http:\/\/inrameknes.info\/?p=1330"},"modified":"2016-08-23T11:15:22","modified_gmt":"2016-08-23T10:15:22","slug":"des-etudiantes-americaines-visitent-le-crra-meknes","status":"publish","type":"post","link":"http:\/\/inrameknes.info\/?p=1330","title":{"rendered":"Des \u00e9tudiantEs am\u00e9ricainEs visitent le CRRA Mekn\u00e8s"},"content":{"rendered":"<div id=\"attachment_1332\" style=\"width: 568px\" class=\"wp-caption alignleft\"><a href=\"http:\/\/inrameknes.info\/wp-content\/uploads\/2016\/08\/American-students.jpg\"><img loading=\"lazy\" decoding=\"async\" aria-describedby=\"caption-attachment-1332\" class=\"size-full wp-image-1332\" src=\"http:\/\/inrameknes.info\/wp-content\/uploads\/2016\/08\/American-students.jpg\" alt=\"Visite d'\u00e9tudiantEs am\u00e9ricainEs au CRRA Mekn\u00e8s, 22 juil. 2016\" width=\"558\" height=\"359\" srcset=\"http:\/\/inrameknes.info\/wp-content\/uploads\/2016\/08\/American-students.jpg 558w, http:\/\/inrameknes.info\/wp-content\/uploads\/2016\/08\/American-students-300x193.jpg 300w\" sizes=\"auto, (max-width: 558px) 100vw, 558px\" \/><\/a><p id=\"caption-attachment-1332\" class=\"wp-caption-text\">Visite d&rsquo;\u00e9tudiantEs am\u00e9ricainEs au CRRA Mekn\u00e8s, 22 juil. 2016<\/p><\/div>\n<p>Une dizaine d\u2019\u00e9tudiantEs am\u00e9ricainEs ont rendu visite au CRRA Mekn\u00e8s ce vendredi 22 juillet 2016 dans l\u2019objectif de prendre connaissance de l\u2019INRA et de ses travaux de recherche et de recherche-d\u00e9veloppement.<\/p>\n<p>Les visiteurSEs \u00e9manent d\u2019un programme de promotion scientifique (<a href=\"http:\/\/www.csi.cuny.edu\/step_cstep\/cstep\/\" target=\"_blank\">CSTEP<\/a>) coordonn\u00e9 par Pr Abdeslem El Idrissi du D\u00e9partement de Biologie au College of Staten Island &#8211; <a href=\"http:\/\/www2.cuny.edu\/\" target=\"_blank\">City University of New York<\/a>.<\/p>\n<p>Le groupe d\u2019\u00e9tudiantEs \u00e9tait accompagn\u00e9 par Professor Francoise Sidime (enseignante) et Mme Fatiha El Hilali (Coordinatrice) et \u00e9t\u00e9 re\u00e7u par Mr Noureddine Bahri (Attach\u00e9 de communication), Dr Zine El Abidine Fatemi (Chercheur) et Sa\u00efd El Kinany (Doctorant).<\/p>\n","protected":false},"excerpt":{"rendered":"<p>Une dizaine d\u2019\u00e9tudiantEs am\u00e9ricainEs ont rendu visite au CRRA Mekn\u00e8s ce vendredi 22 juillet 2016 dans l\u2019objectif de prendre connaissance de l\u2019INRA et de ses travaux de recherche et de recherche-d\u00e9veloppement. Les visiteurSEs \u00e9manent d\u2019un programme de promotion scientifique (CSTEP) &hellip; <a href=\"http:\/\/inrameknes.info\/?p=1330\">Continuer la lecture <span class=\"meta-nav\">&rarr;<\/span><\/a><\/p>\n","protected":false},"author":1,"featured_media":0,"comment_status":"closed","ping_status":"closed","sticky":false,"template":"","format":"standard","meta":{"footnotes":""},"categories":[1],"tags":[],"class_list":["post-1330","post","type-post","status-publish","format-standard","hentry","category-non-classe"],"_links":{"self":[{"href":"http:\/\/inrameknes.info\/index.php?rest_route=\/wp\/v2\/posts\/1330","targetHints":{"allow":["GET"]}}],"collection":[{"href":"http:\/\/inrameknes.info\/index.php?rest_route=\/wp\/v2\/posts"}],"about":[{"href":"http:\/\/inrameknes.info\/index.php?rest_route=\/wp\/v2\/types\/post"}],"author":[{"embeddable":true,"href":"http:\/\/inrameknes.info\/index.php?rest_route=\/wp\/v2\/users\/1"}],"replies":[{"embeddable":true,"href":"http:\/\/inrameknes.info\/index.php?rest_route=%2Fwp%2Fv2%2Fcomments&post=1330"}],"version-history":[{"count":4,"href":"http:\/\/inrameknes.info\/index.php?rest_route=\/wp\/v2\/posts\/1330\/revisions"}],"predecessor-version":[{"id":1335,"href":"http:\/\/inrameknes.info\/index.php?rest_route=\/wp\/v2\/posts\/1330\/revisions\/1335"}],"wp:attachment":[{"href":"http:\/\/inrameknes.info\/index.php?rest_route=%2Fwp%2Fv2%2Fmedia&parent=1330"}],"wp:term":[{"taxonomy":"category","embeddable":true,"href":"http:\/\/inrameknes.info\/index.php?rest_route=%2Fwp%2Fv2%2Fcategories&post=1330"},{"taxonomy":"post_tag","embeddable":true,"href":"http:\/\/inrameknes.info\/index.php?rest_route=%2Fwp%2Fv2%2Ftags&post=1330"}],"curies":[{"name":"wp","href":"https:\/\/api.w.org\/{rel}","templated":true}]}}