{"id":1177,"date":"2016-04-11T10:33:04","date_gmt":"2016-04-11T09:33:04","guid":{"rendered":"http:\/\/inrameknes.info\/?p=1177"},"modified":"2016-05-04T11:04:19","modified_gmt":"2016-05-04T10:04:19","slug":"souhaits-de-bon-succes-a-dr-lahcen-bekkari","status":"publish","type":"post","link":"http:\/\/inrameknes.info\/?p=1177","title":{"rendered":"Souhaits de bon succ\u00e8s \u00e0 Dr Lahcen Bekkari"},"content":{"rendered":"<div id=\"attachment_1178\" style=\"width: 310px\" class=\"wp-caption alignleft\"><a href=\"http:\/\/inrameknes.info\/wp-content\/uploads\/2016\/05\/Lahssan-Bekkari.jpg\"><img loading=\"lazy\" decoding=\"async\" aria-describedby=\"caption-attachment-1178\" class=\"wp-image-1178 size-medium\" src=\"http:\/\/inrameknes.info\/wp-content\/uploads\/2016\/05\/Lahssan-Bekkari-300x291.jpg\" alt=\"Dr Lahcen Bekkari\" width=\"300\" height=\"291\" srcset=\"http:\/\/inrameknes.info\/wp-content\/uploads\/2016\/05\/Lahssan-Bekkari-300x291.jpg 300w, http:\/\/inrameknes.info\/wp-content\/uploads\/2016\/05\/Lahssan-Bekkari.jpg 360w\" sizes=\"auto, (max-width: 300px) 100vw, 300px\" \/><\/a><p id=\"caption-attachment-1178\" class=\"wp-caption-text\">Dr Lahcen Bekkari<\/p><\/div>\n<p>Le coll\u00e8gue Lahcen Bekkari, mis \u00e0 la disposition du CRRA Mekn\u00e8s par le MAPM, a exerc\u00e9 en tant que chercheur au sein de l\u2019URGDRNESR depuis f\u00e9vrier 2001. Il s\u2019est distingu\u00e9 notamment par les recherches men\u00e9es sur la gestion sociale de l\u2019eau et par la contribution \u00e0 plusieurs autres projets de recherche et de recherche-d\u00e9veloppement.<\/p>\n<p>Tous nos souhaits de plein succ\u00e8s \u00e0 Mr Lahcen qui vient de regagner la Direction r\u00e9gionale de l\u2019ONCA F\u00e8s-Mekn\u00e8s.<\/p>\n","protected":false},"excerpt":{"rendered":"<p>Le coll\u00e8gue Lahcen Bekkari, mis \u00e0 la disposition du CRRA Mekn\u00e8s par le MAPM, a exerc\u00e9 en tant que chercheur au sein de l\u2019URGDRNESR depuis f\u00e9vrier 2001. Il s\u2019est distingu\u00e9 notamment par les recherches men\u00e9es sur la gestion sociale de &hellip; <a href=\"http:\/\/inrameknes.info\/?p=1177\">Continuer la lecture <span class=\"meta-nav\">&rarr;<\/span><\/a><\/p>\n","protected":false},"author":1,"featured_media":0,"comment_status":"closed","ping_status":"closed","sticky":false,"template":"","format":"standard","meta":{"footnotes":""},"categories":[11,115],"tags":[232,338,222],"class_list":["post-1177","post","type-post","status-publish","format-standard","hentry","category-actualites","category-social","tag-bekkari","tag-onca-fes-meknes","tag-urgdrnesr"],"_links":{"self":[{"href":"http:\/\/inrameknes.info\/index.php?rest_route=\/wp\/v2\/posts\/1177","targetHints":{"allow":["GET"]}}],"collection":[{"href":"http:\/\/inrameknes.info\/index.php?rest_route=\/wp\/v2\/posts"}],"about":[{"href":"http:\/\/inrameknes.info\/index.php?rest_route=\/wp\/v2\/types\/post"}],"author":[{"embeddable":true,"href":"http:\/\/inrameknes.info\/index.php?rest_route=\/wp\/v2\/users\/1"}],"replies":[{"embeddable":true,"href":"http:\/\/inrameknes.info\/index.php?rest_route=%2Fwp%2Fv2%2Fcomments&post=1177"}],"version-history":[{"count":2,"href":"http:\/\/inrameknes.info\/index.php?rest_route=\/wp\/v2\/posts\/1177\/revisions"}],"predecessor-version":[{"id":1180,"href":"http:\/\/inrameknes.info\/index.php?rest_route=\/wp\/v2\/posts\/1177\/revisions\/1180"}],"wp:attachment":[{"href":"http:\/\/inrameknes.info\/index.php?rest_route=%2Fwp%2Fv2%2Fmedia&parent=1177"}],"wp:term":[{"taxonomy":"category","embeddable":true,"href":"http:\/\/inrameknes.info\/index.php?rest_route=%2Fwp%2Fv2%2Fcategories&post=1177"},{"taxonomy":"post_tag","embeddable":true,"href":"http:\/\/inrameknes.info\/index.php?rest_route=%2Fwp%2Fv2%2Ftags&post=1177"}],"curies":[{"name":"wp","href":"https:\/\/api.w.org\/{rel}","templated":true}]}}