{"id":1096,"date":"2016-02-23T18:10:39","date_gmt":"2016-02-23T17:10:39","guid":{"rendered":"http:\/\/inrameknes.info\/?p=1096"},"modified":"2016-03-08T16:23:41","modified_gmt":"2016-03-08T15:23:41","slug":"rencontre-internationale-quel-avenir-des-montagnes-de-lafrique-du-nord-face-au-changement-climatique","status":"publish","type":"post","link":"http:\/\/inrameknes.info\/?p=1096","title":{"rendered":"Rencontre internationale : \u00ab Quel avenir des montagnes de l\u2019Afrique du nord face au   changement climatique ? \u00bb"},"content":{"rendered":"<div id=\"attachment_1100\" style=\"width: 610px\" class=\"wp-caption alignleft\"><a href=\"http:\/\/inrameknes.info\/wp-content\/uploads\/2016\/02\/Photo-1-Rencontre-Changement-climatique.jpg\"><img loading=\"lazy\" decoding=\"async\" aria-describedby=\"caption-attachment-1100\" class=\"wp-image-1100 size-full\" src=\"http:\/\/inrameknes.info\/wp-content\/uploads\/2016\/02\/Photo-1-Rencontre-Changement-climatique.jpg\" alt=\"Pr\u00e9sidium de la Rencontre internationale \u00ab Quel avenir des montagnes de l\u2019Afrique du nord face au   changement climatique ? \u00bb, F\u00e8s le 20 f\u00e9vrier 2016\" width=\"600\" height=\"503\" srcset=\"http:\/\/inrameknes.info\/wp-content\/uploads\/2016\/02\/Photo-1-Rencontre-Changement-climatique.jpg 600w, http:\/\/inrameknes.info\/wp-content\/uploads\/2016\/02\/Photo-1-Rencontre-Changement-climatique-300x251.jpg 300w\" sizes=\"auto, (max-width: 600px) 100vw, 600px\" \/><\/a><p id=\"caption-attachment-1100\" class=\"wp-caption-text\">Pr\u00e9sidium de la Rencontre internationale \u00ab Quel avenir des montagnes de l\u2019Afrique du nord face au changement climatique ? \u00bb, F\u00e8s le 20 f\u00e9vrier 2016<\/p><\/div>\n<p>La rencontre internationale : \u00ab <em><strong>Quel avenir des montagnes de l\u2019Afrique du nord face au changement climatique ?<\/strong> <\/em>\u00bb a eu lieu, le 20 f\u00e9vrier 2016 au Palais des Congr\u00e8s de F\u00e8s, \u00e0 l&rsquo;initiative du Centre R\u00e9gional de la Recherche Agronomique de Mekn\u00e8s, de\u00a0l\u2019Association des Populations des Montagnes du Monde et de la Facult\u00e9 des Sciences et techniques de F\u00e8s et en\u00a0partenariat avec l\u2019Agence du Bassin Hydraulique de Sebou, la R\u00e9gion F\u00e8s-Mekn\u00e8s et d&rsquo;autres associations.<!--more--><\/p>\n<div id=\"attachment_1102\" style=\"width: 310px\" class=\"wp-caption alignright\"><a href=\"http:\/\/inrameknes.info\/wp-content\/uploads\/2016\/02\/Photo-3-Rencontre-Changement-Climatique.jpg\"><img loading=\"lazy\" decoding=\"async\" aria-describedby=\"caption-attachment-1102\" class=\"wp-image-1102 size-medium\" src=\"http:\/\/inrameknes.info\/wp-content\/uploads\/2016\/02\/Photo-3-Rencontre-Changement-Climatique-300x200.jpg\" alt=\"Vue des participant(e)s \u00e0 la rencontre\" width=\"300\" height=\"200\" srcset=\"http:\/\/inrameknes.info\/wp-content\/uploads\/2016\/02\/Photo-3-Rencontre-Changement-Climatique-300x200.jpg 300w, http:\/\/inrameknes.info\/wp-content\/uploads\/2016\/02\/Photo-3-Rencontre-Changement-Climatique.jpg 600w\" sizes=\"auto, (max-width: 300px) 100vw, 300px\" \/><\/a><p id=\"caption-attachment-1102\" class=\"wp-caption-text\">Vue des participant(e)s \u00e0 la rencontre<\/p><\/div>\n<p>Cette manifestation s\u2019ins\u00e8re dans le contexte du d\u00e9bat mondial sur le changement climatique en pr\u00e9vision de la COP22 qui se tiendra en novembre prochain \u00e0 Marrakech. Elle s&rsquo;est d\u00e9clin\u00e9e en un espace de dialogue entre intervenants publics et soci\u00e9t\u00e9 civile pour un meilleur partage des connaissances au sujet des vuln\u00e9rabilit\u00e9s des zones montagneuses et pour la pr\u00e9sentation des strat\u00e9gies d&rsquo;att\u00e9nuation des effets du\u00a0changement climatique\u00a0en vigueur au Maroc et en Afrique du Nord.<\/p>\n<p>La rencontre qui a r\u00e9uni des scientifiques et des acteurs civiles du Maroc, d&rsquo;Alg\u00e9rie, de Tunisie de France et du P\u00e9rou et qui a enregistr\u00e9 une large\u00a0participation, a \u00e9t\u00e9 honor\u00e9e par la pr\u00e9sence du Pr\u00e9sident de la R\u00e9gion F\u00e8s-Mekn\u00e8s accompagn\u00e9 du Ministre de la Jeunesse et des Sports (voir photo ci-apr\u00e8s).<\/p>\n<div id=\"attachment_1101\" style=\"width: 610px\" class=\"wp-caption alignleft\"><a href=\"http:\/\/inrameknes.info\/wp-content\/uploads\/2016\/02\/Photo-2-Rencontre-Changement-climatique.jpg\"><img loading=\"lazy\" decoding=\"async\" aria-describedby=\"caption-attachment-1101\" class=\"size-full wp-image-1101\" src=\"http:\/\/inrameknes.info\/wp-content\/uploads\/2016\/02\/Photo-2-Rencontre-Changement-climatique.jpg\" alt=\"Participants d'honneur \u00e0 la rencontre (\u00e0 partir de la droite : le Ministre de la Jeunesse et des Sports, Le Pr\u00e9sident de la R\u00e9gion F\u00e8s-Mekn\u00e8s, Le Repr\u00e9sentant du D\u00e9partement de l'Environnement et le Chef du CRRA Mekn\u00e8s)\" width=\"600\" height=\"323\" \/><\/a><p id=\"caption-attachment-1101\" class=\"wp-caption-text\">Participants d&rsquo;honneur \u00e0 la rencontre (\u00e0 partir de la droite : le Ministre de la Jeunesse et des Sports, Le Pr\u00e9sident de la R\u00e9gion F\u00e8s-Mekn\u00e8s, Le Repr\u00e9sentant du D\u00e9partement de l&rsquo;Environnement et le Chef du CRRA Mekn\u00e8s)<\/p><\/div>\n<p>&nbsp;<\/p>\n<p><strong>Documentation de la rencontre :<\/strong><\/p>\n<p><a href=\"http:\/\/inrameknes.info\/wp-content\/uploads\/2016\/02\/Brochure-rencontre-changement-climatique-Fes-20-fev-2016.pdf\" target=\"_blank\">Pr\u00e9sentation et programme de la Rencontre changement climatique &#8211; F\u00e8s 20 f\u00e9v. 2016<\/a><\/p>\n<p><a href=\"http:\/\/inrameknes.info\/wp-content\/uploads\/2016\/02\/Balaghi-Changement-clim-et-Montagne-Afrique-du-Nord.pdf\" target=\"_blank\">Communication de Dr R. Balaghi (INRA &#8211; CRRA Mekn\u00e8s) &#8211; Impact du Changement climatique et adaptation en Montagnes d&rsquo;Afrique du Nord<\/a>.<\/p>\n<p><a href=\"http:\/\/inrameknes.info\/wp-content\/uploads\/2016\/02\/Hanchane-Rechauffement-clim.pdf\" target=\"_blank\">Communication du Pr\u00a0Mohamed Hanchane (FST Taza) \u00ab\u00a0R\u00e9chauffement climatique : Quel impact sur le climat des r\u00e9gions montagneuses marocaines ?\u00a0\u00bb<\/a><\/p>\n<p>&nbsp;<\/p>\n<p>&nbsp;<\/p>\n","protected":false},"excerpt":{"rendered":"<p>La rencontre internationale : \u00ab Quel avenir des montagnes de l\u2019Afrique du nord face au changement climatique ? \u00bb a eu lieu, le 20 f\u00e9vrier 2016 au Palais des Congr\u00e8s de F\u00e8s, \u00e0 l&rsquo;initiative du Centre R\u00e9gional de la Recherche &hellip; <a href=\"http:\/\/inrameknes.info\/?p=1096\">Continuer la lecture <span class=\"meta-nav\">&rarr;<\/span><\/a><\/p>\n","protected":false},"author":1,"featured_media":0,"comment_status":"closed","ping_status":"closed","sticky":false,"template":"","format":"standard","meta":{"footnotes":""},"categories":[11,82],"tags":[29,315,97,56,278,319,28,318,320,316,317],"class_list":["post-1096","post","type-post","status-publish","format-standard","hentry","category-actualites","category-seminaires","tag-agriculture-de-montagne","tag-ampp","tag-associations","tag-changement-climatique","tag-fst-fes","tag-fst-taza","tag-montagne","tag-rechauffement-climatique","tag-region-fes-meknes","tag-rencontre-internationale","tag-societe-civile"],"_links":{"self":[{"href":"http:\/\/inrameknes.info\/index.php?rest_route=\/wp\/v2\/posts\/1096","targetHints":{"allow":["GET"]}}],"collection":[{"href":"http:\/\/inrameknes.info\/index.php?rest_route=\/wp\/v2\/posts"}],"about":[{"href":"http:\/\/inrameknes.info\/index.php?rest_route=\/wp\/v2\/types\/post"}],"author":[{"embeddable":true,"href":"http:\/\/inrameknes.info\/index.php?rest_route=\/wp\/v2\/users\/1"}],"replies":[{"embeddable":true,"href":"http:\/\/inrameknes.info\/index.php?rest_route=%2Fwp%2Fv2%2Fcomments&post=1096"}],"version-history":[{"count":6,"href":"http:\/\/inrameknes.info\/index.php?rest_route=\/wp\/v2\/posts\/1096\/revisions"}],"predecessor-version":[{"id":1126,"href":"http:\/\/inrameknes.info\/index.php?rest_route=\/wp\/v2\/posts\/1096\/revisions\/1126"}],"wp:attachment":[{"href":"http:\/\/inrameknes.info\/index.php?rest_route=%2Fwp%2Fv2%2Fmedia&parent=1096"}],"wp:term":[{"taxonomy":"category","embeddable":true,"href":"http:\/\/inrameknes.info\/index.php?rest_route=%2Fwp%2Fv2%2Fcategories&post=1096"},{"taxonomy":"post_tag","embeddable":true,"href":"http:\/\/inrameknes.info\/index.php?rest_route=%2Fwp%2Fv2%2Ftags&post=1096"}],"curies":[{"name":"wp","href":"https:\/\/api.w.org\/{rel}","templated":true}]}}