{"id":1084,"date":"2016-02-12T11:39:48","date_gmt":"2016-02-12T10:39:48","guid":{"rendered":"http:\/\/inrameknes.info\/?p=1084"},"modified":"2016-03-08T16:31:20","modified_gmt":"2016-03-08T15:31:20","slug":"seminaire-interne-evaluation-des-parametres-agro-morphologiques-et-physiologiques-efficients-pour-la-selection-des-genotypes-du-ble-tendre-tolerants-a-la-secheresse","status":"publish","type":"post","link":"http:\/\/inrameknes.info\/?p=1084","title":{"rendered":"S\u00e9minaire interne : Evaluation des param\u00e8tres agro-morphologiques et physiologiques efficients pour la s\u00e9lection des g\u00e9notypes du bl\u00e9 tendre tol\u00e9rants \u00e0 la s\u00e9cheresse"},"content":{"rendered":"<div id=\"attachment_1085\" style=\"width: 250px\" class=\"wp-caption alignright\"><a href=\"http:\/\/inrameknes.info\/wp-content\/uploads\/2016\/02\/Sahar-Bennani-Chercheuse-en-am\u00e9lioration-g\u00e9n\u00e9tique-du-bl\u00e9-tendre-URAPCRG-CRRA-Mekn\u00e8s.jpg\"><img loading=\"lazy\" decoding=\"async\" aria-describedby=\"caption-attachment-1085\" class=\"wp-image-1085 size-medium\" src=\"http:\/\/inrameknes.info\/wp-content\/uploads\/2016\/02\/Sahar-Bennani-Chercheuse-en-am\u00e9lioration-g\u00e9n\u00e9tique-du-bl\u00e9-tendre-URAPCRG-CRRA-Mekn\u00e8s-240x300.jpg\" alt=\"Sahar Bennani, Chercheuse en am\u00e9lioration g\u00e9n\u00e9tique du bl\u00e9 tendre, URAPCRG - CRRA Mekn\u00e8s\" width=\"240\" height=\"300\" srcset=\"http:\/\/inrameknes.info\/wp-content\/uploads\/2016\/02\/Sahar-Bennani-Chercheuse-en-am\u00e9lioration-g\u00e9n\u00e9tique-du-bl\u00e9-tendre-URAPCRG-CRRA-Mekn\u00e8s-240x300.jpg 240w, http:\/\/inrameknes.info\/wp-content\/uploads\/2016\/02\/Sahar-Bennani-Chercheuse-en-am\u00e9lioration-g\u00e9n\u00e9tique-du-bl\u00e9-tendre-URAPCRG-CRRA-Mekn\u00e8s.jpg 600w\" sizes=\"auto, (max-width: 240px) 100vw, 240px\" \/><\/a><p id=\"caption-attachment-1085\" class=\"wp-caption-text\">Sahar Bennani, Chercheuse en am\u00e9lioration g\u00e9n\u00e9tique du bl\u00e9 tendre, URAPCRG &#8211; CRRA Mekn\u00e8s<\/p><\/div>\n<p>Sahar Bennani, chercheuse en am\u00e9lioration g\u00e9n\u00e9tique du bl\u00e9 tendre au CRRA Mekn\u00e8s a anim\u00e9 ce jeudi 11 f\u00e9vrier 2016 un s\u00e9minaire interne intitul\u00e9 \u00ab\u00a0Evaluation des param\u00e8tres agro-morphologiques et physiologiques efficients pour la s\u00e9lection des g\u00e9notypes du bl\u00e9 tendre tol\u00e9rants \u00e0 la s\u00e9cheresse\u00a0\u00bb. Cette manifestation s&rsquo;est d\u00e9roul\u00e9 devant une salle pleine de chercheurSEs, d&rsquo;\u00e9tudiantEs et de professionnels qui ont manifest\u00e9 un int\u00e9r\u00eat prononc\u00e9 au travail pr\u00e9sent\u00e9.<!--more--><\/p>\n<p>En effet, le bl\u00e9 tendre est une culture pilier de la s\u00e9curit\u00e9 alimentaire et nutritionnelle mondiale. Le stress hydrique est la contrainte majeure qui limite sa productivit\u00e9 et entrave la stabilit\u00e9 et la qualit\u00e9 dans plusieurs pays du Monde, dont le Maroc. La cr\u00e9ation vari\u00e9tale, bas\u00e9e sur une bonne compr\u00e9hension des bases physiologiques et mol\u00e9culaires des m\u00e9canismes de la tol\u00e9rance \u00e0 la s\u00e9cheresse et appuy\u00e9e sur des crit\u00e8res de s\u00e9lection ph\u00e9notypiques et g\u00e9notypiques appropri\u00e9s, reste la voie la plus indiqu\u00e9e pour rem\u00e9dier \u00e0 cette probl\u00e9matique. Toutefois, la cr\u00e9ation des vari\u00e9t\u00e9s tol\u00e9rantes \u00e0 la s\u00e9cheresse se heurte \u00e0 l&rsquo;absence des indicateurs fiables pouvant guider la s\u00e9lection li\u00e9e principalement \u00e0 la complexit\u00e9 des m\u00e9canismes impliqu\u00e9s dans la tol\u00e9rance g\u00e9n\u00e9tique \u00e0 la s\u00e9cheresse d\u2019une part et du g\u00e9nome de la culture du bl\u00e9 d\u2019autre part. Dans ce contexte, une \u00e9tude a \u00e9t\u00e9 initi\u00e9e dans le but d\u2019identifier des crit\u00e8res de s\u00e9lection agro-morphologiques et physiologiques efficaces contribuant \u00e0 la s\u00e9lection des g\u00e9notypes stables et ayant un rendement potentiel important.<\/p>\n","protected":false},"excerpt":{"rendered":"<p>Sahar Bennani, chercheuse en am\u00e9lioration g\u00e9n\u00e9tique du bl\u00e9 tendre au CRRA Mekn\u00e8s a anim\u00e9 ce jeudi 11 f\u00e9vrier 2016 un s\u00e9minaire interne intitul\u00e9 \u00ab\u00a0Evaluation des param\u00e8tres agro-morphologiques et physiologiques efficients pour la s\u00e9lection des g\u00e9notypes du bl\u00e9 tendre tol\u00e9rants \u00e0 &hellip; <a href=\"http:\/\/inrameknes.info\/?p=1084\">Continuer la lecture <span class=\"meta-nav\">&rarr;<\/span><\/a><\/p>\n","protected":false},"author":1,"featured_media":0,"comment_status":"closed","ping_status":"closed","sticky":false,"template":"","format":"standard","meta":{"footnotes":""},"categories":[82],"tags":[314,52,207,163],"class_list":["post-1084","post","type-post","status-publish","format-standard","hentry","category-seminaires","tag-amelioration","tag-ble-tendre","tag-sahar-bennani","tag-urapcrg"],"_links":{"self":[{"href":"http:\/\/inrameknes.info\/index.php?rest_route=\/wp\/v2\/posts\/1084","targetHints":{"allow":["GET"]}}],"collection":[{"href":"http:\/\/inrameknes.info\/index.php?rest_route=\/wp\/v2\/posts"}],"about":[{"href":"http:\/\/inrameknes.info\/index.php?rest_route=\/wp\/v2\/types\/post"}],"author":[{"embeddable":true,"href":"http:\/\/inrameknes.info\/index.php?rest_route=\/wp\/v2\/users\/1"}],"replies":[{"embeddable":true,"href":"http:\/\/inrameknes.info\/index.php?rest_route=%2Fwp%2Fv2%2Fcomments&post=1084"}],"version-history":[{"count":5,"href":"http:\/\/inrameknes.info\/index.php?rest_route=\/wp\/v2\/posts\/1084\/revisions"}],"predecessor-version":[{"id":1128,"href":"http:\/\/inrameknes.info\/index.php?rest_route=\/wp\/v2\/posts\/1084\/revisions\/1128"}],"wp:attachment":[{"href":"http:\/\/inrameknes.info\/index.php?rest_route=%2Fwp%2Fv2%2Fmedia&parent=1084"}],"wp:term":[{"taxonomy":"category","embeddable":true,"href":"http:\/\/inrameknes.info\/index.php?rest_route=%2Fwp%2Fv2%2Fcategories&post=1084"},{"taxonomy":"post_tag","embeddable":true,"href":"http:\/\/inrameknes.info\/index.php?rest_route=%2Fwp%2Fv2%2Ftags&post=1084"}],"curies":[{"name":"wp","href":"https:\/\/api.w.org\/{rel}","templated":true}]}}